{"id":215,"date":"2022-09-02T09:26:26","date_gmt":"2022-09-02T09:26:26","guid":{"rendered":"https:\/\/challengingthecrisis.com\/?p=215"},"modified":"2024-01-17T17:08:27","modified_gmt":"2024-01-17T17:08:27","slug":"flexicoldin-forte","status":"publish","type":"post","link":"https:\/\/challengingthecrisis.com\/sv\/flexicoldin-forte\/","title":{"rendered":"Flexicoldin Forte \u00e5sikter"},"content":{"rendered":"<p style=\"text-align: justify;\"><span style=\"font-size: 16pt;\"><strong><img loading=\"lazy\" decoding=\"async\" class=\" wp-image-51361 alignleft\" src=\"https:\/\/challengingthecrisis.com\/wp-content\/uploads\/2023\/12\/Dr-Gabriela-Smit-1024x663.jpg\" alt=\"\" width=\"404\" height=\"262\" srcset=\"https:\/\/challengingthecrisis.com\/wp-content\/uploads\/2023\/12\/Dr-Gabriela-Smit-1024x663.jpg 1024w, https:\/\/challengingthecrisis.com\/wp-content\/uploads\/2023\/12\/Dr-Gabriela-Smit-300x194.jpg 300w, https:\/\/challengingthecrisis.com\/wp-content\/uploads\/2023\/12\/Dr-Gabriela-Smit-768x497.jpg 768w, https:\/\/challengingthecrisis.com\/wp-content\/uploads\/2023\/12\/Dr-Gabriela-Smit-1536x994.jpg 1536w, https:\/\/challengingthecrisis.com\/wp-content\/uploads\/2023\/12\/Dr-Gabriela-Smit-2048x1326.jpg 2048w\" sizes=\"(max-width: 404px) 100vw, 404px\" \/>M\u00e5nga m\u00e4nniskor klagar i dag \u00f6ver ledproblem. I de flesta fall orsakas de av artros. Men det finns ocks\u00e5 muskel- och ryggsm\u00e4rtor som ger upphov till de mest sm\u00e4rtsamma k\u00e4nslor som \u00e4r m\u00f6jliga.<\/strong> Det finns ingen enskild orsak till alla dessa skador. Den vanligaste orsaken \u00e4r slarvfel som inte har behandlats tillr\u00e4ckligt v\u00e4l. <\/span><\/p>\n<p style=\"text-align: justify;\"><span style=\"font-size: 16pt;\">Sm\u00e4rta som beror p\u00e5 kroppens funktion \u00e4r ocks\u00e5 ett resultat av tung fysisk aktivitet och intensiv tr\u00e4ning. Vi uts\u00e4tter v\u00e5r kropp f\u00f6r stora p\u00e5frestningar utan att veta hur mycket vi skadar den. Sjukdomar i r\u00f6relseapparaten utvecklas snabbt.<strong> Under l\u00e5ng tid ger artrit och muskelinflammation inga symtom.<\/strong><\/span><\/p>\n<p style=\"text-align: justify;\"><span style=\"font-size: 16pt;\"><strong>Det k\u00e4nns inte bra att ha problem med r\u00f6relseapparaten. Men det beh\u00f6ver inte alltid sluta med besvikelse.<\/strong> Du kan hj\u00e4lpa till att lindra besv\u00e4rliga symptom och b\u00f6rja m\u00e5 b\u00e4ttre igen genom att ta r\u00e4tt kosttillskott. Om du behandlar din sjukdom kan du minska de sv\u00e5ra symptomen och m\u00e5 mycket b\u00e4ttre. <\/span><\/p>\n<p style=\"text-align: justify;\"><span style=\"font-size: 16pt;\"><strong>Du kan ta kontroll \u00f6ver din h\u00e4lsa och till och med f\u00e5 den att f\u00f6rsvinna helt och h\u00e5llet genom att v\u00e4lja r\u00e4tt behandling i form av Flexicoldin Forte.<br \/>\n<\/strong><\/span><\/p>\n<div class='dropshadowboxes-container ' style='width:auto;'>\r\n                            <div class='dropshadowboxes-drop-shadow dropshadowboxes-rounded-corners dropshadowboxes-inside-and-outside-shadow dropshadowboxes-perspective-left dropshadowboxes-effect-default' style=' border: 7px solid #dd2f7d; height:; background-color:#1a19b7;    '>\r\n                            <\/p>\n<p style=\"text-align: center;\"><a href=\"https:\/\/challengingthecrisis.com\/flexicoldin-promocja\"><span style=\"font-size: 16pt;\">\ud83d\udd25<\/span>\u00a0<span style=\"color: #ffffff;\"><strong><span style=\"font-size: 16pt;\">Flexicoldin<\/span><\/strong> <\/span><span style=\"font-size: 16pt;\">\ud83d\udd25<\/span><\/a><br \/>\n<a href=\"https:\/\/challengingthecrisis.com\/flexicoldin-promocja\"><span style=\"color: #ffff00;\"><strong><span style=\"font-size: 16pt;\">\u2702 <\/span><span style=\"font-size: 16pt;\">CENA\u00a0-50%<\/span><\/strong> <\/span><span style=\"font-size: 16pt;\">\u23f3<\/span><\/a><\/p>\n<p>\r\n                            <\/div>\r\n                        <\/div>\n<h2 style=\"text-align: justify;\">Hur fungerar Flexicoldin Forte gel?<\/h2>\n<p style=\"text-align: justify;\"><span style=\"font-size: 16pt;\"><strong>Flexicoldin Forte \u00e4r en unik sm\u00e4rtlindrande salva som har utformats med naturliga ingredienser. Det \u00e4r ett utm\u00e4rkt sm\u00e4rtlindringsmedel som du kan anv\u00e4nda externt.<\/strong> Det \u00e4r ocks\u00e5 en produkt som st\u00e4rker v\u00e4vnaderna och \u00f6kar deras elasticitet. Regelbunden anv\u00e4ndning av Flexicoldin Forte lotion g\u00f6r dina muskler mindre tr\u00f6tta. <\/span><\/p>\n<p style=\"text-align: justify;\"><span style=\"font-size: 16pt;\">Skelettsystemet \u00e4r ocks\u00e5 mer motst\u00e5ndskraftigt mot sjukdomar och skador. <strong>Flexicoldin Forte har ocks\u00e5 en god effekt p\u00e5 benen. Anv\u00e4ndning av den g\u00f6r att farliga frakturer f\u00f6rekommer mer s\u00e4llan.<\/strong><\/span><\/p>\n<p style=\"text-align: justify;\"><span style=\"font-size: 16pt;\"><strong>Flexicoldin Forte-kr\u00e4m \u00e4r ett bepr\u00f6vat medel mot ryggsm\u00e4rta och ledstelhet. Det \u00e4r ocks\u00e5 ett utm\u00e4rkt botemedel mot benkramper och andra typer av sm\u00e4rta. Om du anv\u00e4nder den regelbundet f\u00f6rsvinner sm\u00e4rtan snabbt.<\/strong> <\/span><\/p>\n<p style=\"text-align: justify;\"><span style=\"font-size: 16pt;\">Flexicoldin Forte lotion \u00e4r inte bara ett medel mot sm\u00e4rta. Det \u00e4r ocks\u00e5 en effektiv f\u00f6rebyggande \u00e5tg\u00e4rd. Du b\u00f6r anv\u00e4nda den n\u00e4r du arbetar i sittande st\u00e4llning och inte reser dig fr\u00e5n skrivbordet p\u00e5 m\u00e5nga timmar. Det kan ocks\u00e5 anv\u00e4ndas som en f\u00f6rebyggande \u00e5tg\u00e4rd n\u00e4r du har \u00f6veranstr\u00e4ngda muskler. Tack vare kr\u00e4men riskerar din hud aldrig att drabbas av farliga inflammationer. Den \u00e4r mycket effektiv. M\u00e5nga studier har bekr\u00e4ftat dess effektivitet. <\/span><\/p>\n<p style=\"text-align: justify;\"><span style=\"font-size: 16pt;\">Kr\u00e4men har en sm\u00e4rtlindrande och v\u00e4rmande effekt. Det \u00e4r ocks\u00e5 ett lugnande balsam och dess anv\u00e4ndning eliminerar gifter fr\u00e5n kroppen. <strong>Inflammation drabbar ofta inte bara lederna utan \u00e4ven senor, brosk och skelettmuskler. Detta \u00e4r mycket farligt eftersom det f\u00f6rst\u00f6r personens r\u00f6relsef\u00f6rm\u00e5ga<\/strong>.<\/span><\/p>\n<p><img loading=\"lazy\" decoding=\"async\" class=\" wp-image-53413 aligncenter\" src=\"https:\/\/challengingthecrisis.com\/wp-content\/uploads\/2022\/09\/Flexicoldin8-2-1024x421.jpg\" alt=\"\" width=\"772\" height=\"317\" srcset=\"https:\/\/challengingthecrisis.com\/wp-content\/uploads\/2022\/09\/Flexicoldin8-2-1024x421.jpg 1024w, https:\/\/challengingthecrisis.com\/wp-content\/uploads\/2022\/09\/Flexicoldin8-2-300x123.jpg 300w, https:\/\/challengingthecrisis.com\/wp-content\/uploads\/2022\/09\/Flexicoldin8-2-768x316.jpg 768w, https:\/\/challengingthecrisis.com\/wp-content\/uploads\/2022\/09\/Flexicoldin8-2.jpg 1500w\" sizes=\"(max-width: 772px) 100vw, 772px\" \/><\/p>\n<h2>Flexicoldin Forte kr\u00e4m &#8211; \u00c5tg\u00e4rd, komposition, hur man anv\u00e4nder?<\/h2>\n<p style=\"text-align: justify;\"><span style=\"font-size: 16pt;\"><strong>Kr\u00e4men har skapats med hj\u00e4lp av naturliga ingredienser. Den kan sm\u00f6rjas p\u00e5 det omr\u00e5de d\u00e4r du k\u00e4nner sm\u00e4rta upp till tre g\u00e5nger om dagen<\/strong>. <\/span><\/p>\n<p style=\"text-align: justify;\"><span style=\"font-size: 16pt;\">En l\u00e4mplig dos av kr\u00e4men ska gnidas in p\u00e5 det omr\u00e5de som orsakar sm\u00e4rtan. D\u00e4refter ska kr\u00e4men masseras in och v\u00e4nta tills den har absorberats. Du kan k\u00e4nna l\u00e4ttnad mycket snabbt och se sj\u00e4lv att kr\u00e4men \u00e4r mycket effektiv. Om du \u00e4r intresserad av den fullst\u00e4ndiga sammans\u00e4ttningen av Flexicoldin Fortein kan du hitta den p\u00e5 tillverkarens officiella webbplats. <\/span><\/p>\n<p style=\"text-align: justify;\"><span style=\"font-size: 16pt;\">Flexicoldin Forte g\u00e5r snabbt in i kroppen genom huden. Den \u00e5teruppbygger v\u00e4ggar och ligament och regenererar tr\u00f6tta muskler. <\/span><\/p>\n<p style=\"text-align: justify;\"><span style=\"font-size: 16pt;\"><strong>Det eliminerar inflammation, muskelsp\u00e4nningar och broskskador. De \u00e4r effektiva och agerar snabbt. Kr\u00e4men kan ocks\u00e5 anv\u00e4ndas f\u00f6r att f\u00f6rebygga farliga muskelspasmer.<\/strong> Om du anv\u00e4nder den f\u00f6re s\u00e4ngg\u00e5endet kan du sova gott hela natten. Varje ingrediens har f\u00e5tt en l\u00e4mplig dos. <strong>Detta gynnar hela kroppen. Om du \u00e4r intresserad av hur du ska applicera kr\u00e4men och hur ofta du ska anv\u00e4nda den hittar du information p\u00e5 tillverkarens officiella webbplats.<\/strong><\/span><\/p>\n<p><img loading=\"lazy\" decoding=\"async\" class=\" wp-image-53380 aligncenter\" src=\"https:\/\/challengingthecrisis.com\/wp-content\/uploads\/2022\/09\/Flexicoldin5-2-1024x683.jpg\" alt=\"\" width=\"773\" height=\"515\" srcset=\"https:\/\/challengingthecrisis.com\/wp-content\/uploads\/2022\/09\/Flexicoldin5-2-1024x683.jpg 1024w, https:\/\/challengingthecrisis.com\/wp-content\/uploads\/2022\/09\/Flexicoldin5-2-300x200.jpg 300w, https:\/\/challengingthecrisis.com\/wp-content\/uploads\/2022\/09\/Flexicoldin5-2-768x512.jpg 768w, https:\/\/challengingthecrisis.com\/wp-content\/uploads\/2022\/09\/Flexicoldin5-2.jpg 1254w\" sizes=\"(max-width: 773px) 100vw, 773px\" \/><\/p>\n<h2>Flexicoldin Forte salva &#8211; Vad \u00e4r recensionerna? Utforska recensionerna<\/h2>\n<p style=\"text-align: justify;\"><span style=\"font-size: 16pt;\"><strong>Om vi vill testa Flexicoldin Fortes effektivitet kan vi g\u00f6ra det efter den f\u00f6rsta appliceringen. Vi kommer ocks\u00e5 att kunna kontrollera dess regenerativa egenskaper p\u00e5 kort tid.<\/strong> Du kan ocks\u00e5 l\u00e4sa recensioner fr\u00e5n andra personer som har valt att prova den. Anv\u00e4ndarna \u00e4r angel\u00e4gna om att dela med sig av inte bara dess f\u00f6rebyggande effekt utan \u00e4ven dess terapeutiska effekt. <\/span><\/p>\n<p style=\"text-align: justify;\"><span style=\"font-size: 16pt;\"><strong>Oavsett vilket syfte Flexicoldin Fortein har beskrivs som en l\u00f6sning som \u00e4r o\u00f6vertr\u00e4ffad. Nedan f\u00f6ljer n\u00e5gra av de recensioner som publicerats p\u00e5 n\u00e4tet:<\/strong><\/span><\/p>\n<blockquote>\n<p style=\"text-align: justify;\"><span style=\"font-size: 16pt;\"><strong>Jag har haft ont i rygg och kn\u00e4 i m\u00e5nga \u00e5r och tyv\u00e4rr hj\u00e4lpte ingenting.<\/strong> Min l\u00e4kare skrev ut mediciner som hj\u00e4lpte ett tag men som gav mig m\u00e5nga biverkningar. <strong>Flexicoldin Forte, som uppt\u00e4cktes tack vare min mamma<\/strong>, fungerar snabbt och \u00e4r s\u00e4kert. Till slut \u00f6vervann jag sm\u00e4rtan.\u00a0<\/span><\/p>\n<p style=\"text-align: justify;\"><span style=\"font-size: 16pt;\">Frans, 34 \u00e5r gammal<\/span><\/p>\n<\/blockquote>\n<blockquote>\n<p style=\"text-align: justify;\"><span style=\"font-size: 16pt;\"><strong>Jag har haft problem med mina kn\u00e4 &#8211; och fotleder i ungef\u00e4r tre \u00e5r.<\/strong> Jag har anv\u00e4nt olika tabletter och andra mediciner f\u00f6r att lindra sm\u00e4rtan. De fungerade inte s\u00e4rskilt effektivt. <strong>D\u00e4remot \u00e4r jag n\u00f6jd med resultaten av Flexicoldin Forte, som jag hittade p\u00e5 internet.<\/strong><\/span><\/p>\n<p style=\"text-align: justify;\"><span style=\"font-size: 16pt;\">Elsa, 43 \u00e5r gammal<\/span><\/p>\n<\/blockquote>\n<h2>Var kan jag k\u00f6pa Flexicoldin Forte kr\u00e4m?<\/h2>\n<p style=\"text-align: justify;\"><span style=\"font-size: 16pt;\"><strong>Det finns m\u00e5nga substitut f\u00f6r Flexicoldin Forte p\u00e5 marknaden. Det finns ocks\u00e5 ofta f\u00f6rfalskningar av Flexicoldin Forte. F\u00f6rfalskningarna \u00e4r ofta mycket billigare. <\/strong><\/span><\/p>\n<p style=\"text-align: justify;\"><span style=\"font-size: 16pt;\"><strong>De \u00e4r dock ineffektiva.<\/strong> \u00c4ven om regelbunden anv\u00e4ndning inte hj\u00e4lper dina muskler eller leder, om du vill ta hand om din h\u00e4lsa, b\u00f6r du endast k\u00f6pa Flexicoldin Fortein fr\u00e5n dess officiella webbplats, som uppr\u00e4ttats av tillverkaren. L\u00e5t oss inte anv\u00e4nda oss av mellanh\u00e4nder, eftersom det kan sluta med att vi k\u00f6per en f\u00f6rfalskad produkt. Det \u00e4r bara genom att k\u00f6pa och anv\u00e4nda originalprodukten som vi kan vara s\u00e4kra p\u00e5 att kr\u00e4men fungerar. <\/span><\/p>\n<p style=\"text-align: justify;\"><span style=\"font-size: 16pt;\"><strong>Vi har lagt till en l\u00e4nk till tillverkarens officiella webbplats nedan:<\/strong><\/span><\/p>\n","protected":false},"excerpt":{"rendered":"<p>M\u00e5nga m\u00e4nniskor klagar i dag \u00f6ver ledproblem. I de flesta fall orsakas de av artros. Men det finns ocks\u00e5 muskel-&hellip;<\/p>\n","protected":false},"author":1,"featured_media":53347,"comment_status":"open","ping_status":"open","sticky":false,"template":"","format":"standard","meta":{"footnotes":""},"categories":[63],"tags":[],"_links":{"self":[{"href":"https:\/\/challengingthecrisis.com\/sv\/wp-json\/wp\/v2\/posts\/215"}],"collection":[{"href":"https:\/\/challengingthecrisis.com\/sv\/wp-json\/wp\/v2\/posts"}],"about":[{"href":"https:\/\/challengingthecrisis.com\/sv\/wp-json\/wp\/v2\/types\/post"}],"author":[{"embeddable":true,"href":"https:\/\/challengingthecrisis.com\/sv\/wp-json\/wp\/v2\/users\/1"}],"replies":[{"embeddable":true,"href":"https:\/\/challengingthecrisis.com\/sv\/wp-json\/wp\/v2\/comments?post=215"}],"version-history":[{"count":4,"href":"https:\/\/challengingthecrisis.com\/sv\/wp-json\/wp\/v2\/posts\/215\/revisions"}],"predecessor-version":[{"id":53446,"href":"https:\/\/challengingthecrisis.com\/sv\/wp-json\/wp\/v2\/posts\/215\/revisions\/53446"}],"wp:featuredmedia":[{"embeddable":true,"href":"https:\/\/challengingthecrisis.com\/sv\/wp-json\/wp\/v2\/media\/53347"}],"wp:attachment":[{"href":"https:\/\/challengingthecrisis.com\/sv\/wp-json\/wp\/v2\/media?parent=215"}],"wp:term":[{"taxonomy":"category","embeddable":true,"href":"https:\/\/challengingthecrisis.com\/sv\/wp-json\/wp\/v2\/categories?post=215"},{"taxonomy":"post_tag","embeddable":true,"href":"https:\/\/challengingthecrisis.com\/sv\/wp-json\/wp\/v2\/tags?post=215"}],"curies":[{"name":"wp","href":"https:\/\/api.w.org\/{rel}","templated":true}]}}