{"id":65299,"date":"2024-08-05T08:43:11","date_gmt":"2024-08-05T08:43:11","guid":{"rendered":"https:\/\/challengingthecrisis.com\/?p=65299"},"modified":"2024-08-05T09:51:46","modified_gmt":"2024-08-05T09:51:46","slug":"yenki-derm","status":"publish","type":"post","link":"https:\/\/challengingthecrisis.com\/sk\/yenki-derm\/","title":{"rendered":"Yenki Derm Diskuse"},"content":{"rendered":"<p style=\"text-align: justify;\"><strong><span style=\"font-size: 17px;\"><img loading=\"lazy\" decoding=\"async\" class=\" wp-image-58411 alignleft\" src=\"https:\/\/challengingthecrisis.com\/wp-content\/uploads\/2024\/03\/Dr-Gabriela-Smit-1024x663.jpg\" alt=\"\" width=\"407\" height=\"264\" srcset=\"https:\/\/challengingthecrisis.com\/wp-content\/uploads\/2024\/03\/Dr-Gabriela-Smit-1024x663.jpg 1024w, https:\/\/challengingthecrisis.com\/wp-content\/uploads\/2024\/03\/Dr-Gabriela-Smit-300x194.jpg 300w, https:\/\/challengingthecrisis.com\/wp-content\/uploads\/2024\/03\/Dr-Gabriela-Smit-768x497.jpg 768w, https:\/\/challengingthecrisis.com\/wp-content\/uploads\/2024\/03\/Dr-Gabriela-Smit-1536x994.jpg 1536w, https:\/\/challengingthecrisis.com\/wp-content\/uploads\/2024\/03\/Dr-Gabriela-Smit-2048x1326.jpg 2048w\" sizes=\"(max-width: 407px) 100vw, 407px\" \/>Ko\u017en\u00e9 probl\u00e9my nie s\u00fa len estetickou z\u00e1le\u017eitos\u0165ou, ale aj v\u00e1\u017enymi zdravotn\u00fdmi v\u00fdzvami, ktor\u00e9 m\u00f4\u017eu v\u00fdznamne ovplyvni\u0165 kvalitu \u017eivota postihnut\u00fdch os\u00f4b.<\/span><\/strong><\/p>\n<p style=\"text-align: justify;\"><span style=\"font-size: 17px;\">Modern\u00e1 spolo\u010dnos\u0165 \u010del\u00ed \u010doraz v\u00e4\u010d\u0161iemu po\u010dtu dermatologick\u00fdch ochoren\u00ed, ako s\u00fa atopick\u00e1 dermatit\u00edda, ekz\u00e9m, psori\u00e1za alebo akn\u00e9. <\/span><\/p>\n<p style=\"text-align: justify;\"><span style=\"font-size: 17px;\">Aj ke\u010f m\u00e1 ka\u017ed\u00e1 z t\u00fdchto probl\u00e9mov r\u00f4zne pr\u00ed\u010diny, pr\u00edznaky a sp\u00f4soby lie\u010dby, maj\u00fa jeden spolo\u010dn\u00fd faktor: sp\u00f4sobuj\u00fa fyzick\u00e9 a psychologick\u00e9 nepohodlie mili\u00f3nom \u013eud\u00ed po celom svete.<\/span><\/p>\n<p style=\"text-align: justify;\"><span style=\"font-size: 17px;\">Atopick\u00e1 dermatit\u00edda je jedn\u00fdm z naj\u010dastej\u0161\u00edch dermatologick\u00fdch ochoren\u00ed, najm\u00e4 u det\u00ed. <\/span><\/p>\n<p style=\"text-align: justify;\"><span style=\"font-size: 17px;\">Charakterizuje ju chronick\u00fd z\u00e1pal ko\u017ee, ktor\u00fd sa prejavuje suchos\u0165ou, svrben\u00edm a vyr\u00e1\u017ekami, \u010do m\u00f4\u017ee vies\u0165 k po\u0161kodeniu ko\u017ee a sekund\u00e1rnym infekci\u00e1m.<\/span><\/p>\n<div class='dropshadowboxes-container ' style='width:auto;'>\r\n                            <div class='dropshadowboxes-drop-shadow dropshadowboxes-rounded-corners dropshadowboxes-inside-and-outside-shadow dropshadowboxes-perspective-left dropshadowboxes-effect-default' style=' border: 7px solid #dd2f7d; height:; background-color:#1a19b7;    '>\r\n                            <\/p>\n<p style=\"text-align: center;\"><a href=\"https:\/\/gd-price.com\/go\/yenki-derm-sk\/\" target=\"_blank\" rel=\"noopener\"><span style=\"font-size: 14pt;\">\ud83d\udd25<\/span>\u00a0<span style=\"color: #ffffff;\"><strong><span style=\"font-size: 16pt;\">Yenki Derm<\/span><\/strong> <\/span><span style=\"font-size: 14pt;\">\ud83d\udd25<\/span><\/a><br \/>\n<a href=\"https:\/\/gd-price.com\/go\/yenki-derm-sk\/\" target=\"_blank\" rel=\"noopener\"><span style=\"color: #ffff00;\"><strong><span style=\"font-size: 14pt;\">\u2702 <\/span><span style=\"font-size: 16pt;\">CENA -50%<\/span><\/strong> <\/span><span style=\"font-size: 14pt;\">\ud83d\uded2<\/span><\/a><\/p>\n<p>\r\n                            <\/div>\r\n                        <\/div>\n<p style=\"text-align: justify;\"><span style=\"font-size: 17px;\">Aj ke\u010f pr\u00ed\u010diny atopickej dermatit\u00eddy nie s\u00fa \u00faplne zn\u00e1me, vieme, \u017ee genetick\u00e9 faktory a abnorm\u00e1lna reakcia imunitn\u00e9ho syst\u00e9mu na r\u00f4zne environment\u00e1lne podnety hraj\u00fa d\u00f4le\u017eit\u00fa \u00falohu. Deti trpiace atopickou dermatit\u00eddou \u010dasto trpia aj in\u00fdmi alergick\u00fdmi ochoreniami, ako je astma alebo alergick\u00e1 n\u00e1dcha.<\/span><\/p>\n<p style=\"text-align: justify;\"><span style=\"font-size: 17px;\">Ekz\u00e9m je \u010fal\u0161ie be\u017en\u00e9 ko\u017en\u00e9 ochorenie, ktor\u00e9 m\u00f4\u017ee ma\u0165 nieko\u013eko foriem, vr\u00e1tane kontaktnej dermatit\u00eddy, seboroickej dermatit\u00eddy alebo alergickej dermatit\u00eddy. Kontaktn\u00e1 dermatit\u00edda sa vyv\u00edja ako d\u00f4sledok priameho kontaktu ko\u017ee s dr\u00e1\u017ediv\u00fdmi l\u00e1tkami alebo alerg\u00e9nmi, \u010do vedie k z\u00e1palovej reakcii.<\/span><\/p>\n<p style=\"text-align: justify;\"><span style=\"font-size: 17px;\">Prejavuje sa za\u010dervenan\u00edm, svrben\u00edm, p\u013euzgiermi a odlupovan\u00edm. Ekz\u00e9m m\u00f4\u017ee ma\u0165 chronick\u00fd priebeh a jeho lie\u010dba si vy\u017eaduje vyh\u00fdbanie sa sp\u00fa\u0161\u0165a\u010dom a pou\u017e\u00edvanie lok\u00e1lnych protiz\u00e1palov\u00fdch pr\u00edpravkov.<\/span><\/p>\n<p style=\"text-align: justify;\"><span style=\"font-size: 17px;\"><strong>Yenki Derm<\/strong> je inovat\u00edvny produkt vyvinut\u00fd na \u00fa\u010dinn\u00fd boj proti ko\u017en\u00fdm probl\u00e9mom, ako je atopick\u00e1 dermatit\u00edda, ekz\u00e9m, psori\u00e1za a akn\u00e9.<\/span><\/p>\n<p style=\"text-align: justify;\"><strong><span style=\"font-size: 17px;\">V\u010faka pokro\u010dil\u00e9mu zlo\u017eeniu na b\u00e1ze pr\u00edrodn\u00fdch zlo\u017eiek Yenki Derm hlboko hydratuje, regeneruje poko\u017eku a zni\u017euje z\u00e1paly, \u010d\u00edm obnovuje zdrav\u00fd a komfortn\u00fd vzh\u013ead poko\u017eky.<\/span><\/strong><\/p>\n<p style=\"text-align: justify;\"><span style=\"font-size: 17px;\">Je to nepostr\u00e1date\u013en\u00fd pomocn\u00edk v ka\u017edodennej starostlivosti o ple\u0165, ktor\u00fd chr\u00e1ni poko\u017eku pred \u0161kodliv\u00fdmi vonkaj\u0161\u00edmi vplyvmi a z\u00e1rove\u0148 podporuje prirodzen\u00e9 obrann\u00e9 mechanizmy poko\u017eky. V\u00fdberom Yenki Derm investujete ka\u017ed\u00fd de\u0148 do kr\u00e1snej a zdravej poko\u017eky.<\/span><\/p>\n<p><img loading=\"lazy\" decoding=\"async\" class=\"wp-image-1056 aligncenter\" src=\"https:\/\/www.interlupe.com.mx\/wp-content\/uploads\/2024\/08\/Yenki-Derm4.jpg\" alt=\"\" width=\"783\" height=\"355\" \/><\/p>\n<h2>Yenki Derm \u2013 Ak\u00e9 s\u00fa jeho v\u00fdhody?<\/h2>\n<p style=\"text-align: justify;\"><span style=\"font-size: 17px;\">Yenki Derm je navrhnut\u00fd tak, aby poskytoval komplexn\u00fa starostlivos\u0165 o ple\u0165, podporuj\u00fac boj proti r\u00f4znym dermatologick\u00fdm probl\u00e9mom na nieko\u013ek\u00fdch \u00farovniach. Takto to funguje:<\/span><\/p>\n<p style=\"text-align: justify;\"><span style=\"font-size: 17px;\"><strong>1. Hydrat\u00e1cia a regener\u00e1cia<\/strong><\/span><\/p>\n<p style=\"text-align: justify;\"><span style=\"font-size: 17px;\">Yenki Derm intenz\u00edvne hydratuje poko\u017eku, hlboko prenik\u00e1 do jej vrstiev a poskytuje potrebn\u00e9 \u017eiviny. T\u00fdm sa poko\u017eka st\u00e1va pru\u017enej\u0161ou a odolnej\u0161ou vo\u010di vonkaj\u0161\u00edm vplyvom. Regenera\u010dn\u00e9 vlastnosti produktu ur\u00fdch\u013euj\u00fa obnovu buniek, \u010do podporuje r\u00fdchlej\u0161ie hojenie r\u00e1n a vymiznutie jaziev.<\/span><\/p>\n<p style=\"text-align: justify;\"><span style=\"font-size: 17px;\"><strong>2. Zn\u00ed\u017eenie z\u00e1palu<\/strong><\/span><\/p>\n<p style=\"text-align: justify;\"><span style=\"font-size: 17px;\">Produkt \u00fa\u010dinne zmier\u0148uje z\u00e1paly poko\u017eky, zni\u017euje za\u010dervenanie, podr\u00e1\u017edenie a svrbenie. M\u00e1 upokojuj\u00faci \u00fa\u010dinok, obnovuje prirodzen\u00fa rovnov\u00e1hu poko\u017eky a pom\u00e1ha v boji proti akn\u00e9 a in\u00fdm ko\u017en\u00fdm probl\u00e9mom.<\/span><\/p>\n<p style=\"text-align: justify;\"><span style=\"font-size: 17px;\"><strong>3. Ochrana pred vonkaj\u0161\u00edmi vplyvmi<\/strong><\/span><\/p>\n<p style=\"text-align: justify;\"><span style=\"font-size: 17px;\">Yenki Derm vytv\u00e1ra ochrann\u00fa vrstvu na povrchu poko\u017eky, ktor\u00e1 ju chr\u00e1ni pred zne\u010disten\u00edm prostredia, UV \u017eiaren\u00edm a in\u00fdmi \u0161kodliv\u00fdmi vplyvmi. Pravideln\u00fdm pou\u017e\u00edvan\u00edm sa poko\u017eka st\u00e1va odolnej\u0161ou vo\u010di po\u0161kodeniam a starnutiu.<\/span><\/p>\n<h2>Yenki Derm \u2013 Zlo\u017eenie, D\u00e1vkovanie, Webov\u00e1 Str\u00e1nka V\u00fdrobcu<\/h2>\n<p style=\"text-align: justify;\"><span style=\"font-size: 17px;\">Yenki Derm obsahuje rad starostlivo vybran\u00fdch zlo\u017eiek, ktor\u00e9 spolu prispievaj\u00fa k zdraviu poko\u017eky. Ak sa chcete dozvedie\u0165 viac o zlo\u017een\u00ed Yenki Derm, odpor\u00fa\u010da sa nav\u0161t\u00edvi\u0165 webov\u00fa str\u00e1nku v\u00fdrobcu, kde n\u00e1jdete podrobn\u00e9 inform\u00e1cie o v\u0161etk\u00fdch zlo\u017ek\u00e1ch.<\/span><\/p>\n<p style=\"text-align: justify;\"><strong><a href=\"https:\/\/gd-price.com\/go\/yenki-derm-sk\/\" target=\"_blank\" rel=\"nofollow noopener noreferrer\"><em>Kliknite sem a dozviete sa viac <\/em><\/a><\/strong>o zlo\u017een\u00ed Yenki Derm.<\/p>\n<h2>Yenki Derm recenzie pou\u017e\u00edvate\u013eov<\/h2>\n<p style=\"text-align: justify;\"><span style=\"font-size: 17px;\">Yenki Derm je ve\u013emi ob<\/span><\/p>\n<p>\u013e\u00faben\u00fd medzi t\u00fdmi, ktor\u00ed sa rozhodli ho pou\u017e\u00edva\u0165.<\/p>\n<p style=\"text-align: justify;\"><strong><span style=\"font-size: 17px;\">Ni\u017e\u0161ie uv\u00e1dzame nieko\u013eko recenzi\u00ed pou\u017e\u00edvate\u013eov, ktor\u00e9 odr\u00e1\u017eaj\u00fa \u00fa\u010dinky tohto produktu:<\/span><\/strong><\/p>\n<p style=\"text-align: justify;\"><span style=\"font-size: 17px;\">\u201eU\u017e roky bojujem s akn\u00e9 a vysk\u00fa\u0161al som mnoho produktov, ale len Yenki Derm priniesol vidite\u013en\u00e9 v\u00fdsledky. Moja ple\u0165 je hydratovanej\u0161ia a l\u00e9zie sa v\u00fdrazne zmen\u0161ili. Odpor\u00fa\u010dam v\u0161etk\u00fdm, ktor\u00ed maj\u00fa ko\u017en\u00e9 probl\u00e9my.\u201c<\/span><\/p>\n<p style=\"text-align: justify;\"><span style=\"font-size: 17px;\">\u201ePracujem vonku, \u010do znamen\u00e1, \u017ee moja ple\u0165 je vystaven\u00e1 r\u00f4znym \u0161kodliv\u00fdm vplyvom. Yenki Derm to dokonale zvl\u00e1da, chr\u00e1ni moju ple\u0165 pred vetrom a slnkom. Pou\u017e\u00edvam ho ka\u017ed\u00fd de\u0148 a v\u0161imol som si, \u017ee moja ple\u0165 je menej podr\u00e1\u017eden\u00e1 a zdrav\u0161ia.\u201c<\/span><\/p>\n<p style=\"text-align: justify;\"><span style=\"font-size: 17px;\">\u201eMoja ple\u0165 je citliv\u00e1 a roky som sa vyh\u00fdbal pou\u017e\u00edvaniu kozmetiky, ktor\u00e1 by mohla zhor\u0161i\u0165 jej stav. Yenki Derm je prv\u00fd produkt, ktor\u00fd nielen\u017ee nedr\u00e1\u017edi moju ple\u0165, ale vidite\u013ene zlep\u0161il jej stav. Som ve\u013emi spokojn\u00fd s v\u00fdsledkami.\u201c<\/span><\/p>\n<h2>Yenki Derm \u2013 Kde je mo\u017en\u00e9 ho k\u00fapi\u0165?<\/h2>\n<p style=\"text-align: justify;\"><span style=\"font-size: 17px;\">Yenki Derm je k dispoz\u00edcii v\u00fdlu\u010dne na ofici\u00e1lnej webovej str\u00e1nke v\u00fdrobcu. N\u00e1kup od autorizovan\u00e9ho predajcu zaru\u010duje, \u017ee dostanete origin\u00e1lny produkt, ktor\u00fd spln\u00ed va\u0161e o\u010dak\u00e1vania. Je d\u00f4le\u017eit\u00e9 vyhn\u00fa\u0165 sa n\u00e1kupom na neofici\u00e1lnych str\u00e1nkach alebo auk\u010dn\u00fdch platform\u00e1ch, aby ste sa vyhli riziku k\u00fapy falzifik\u00e1tu, ktor\u00fd m\u00f4\u017ee by\u0165 nielen ne\u00fa\u010dinn\u00fd, ale aj \u0161kodliv\u00fd pre zdravie.<\/span><\/p>\n<p style=\"text-align: justify;\"><span style=\"font-size: 17px;\">Pri n\u00e1kupe na webovej str\u00e1nke v\u00fdrobcu m\u00f4\u017eete o\u010dak\u00e1va\u0165 atrakt\u00edvne akcie a z\u013eavy, ktor\u00e9 robia n\u00e1kup produktu e\u0161te v\u00fdhodnej\u0161\u00edm. Invest\u00edcia do zdravej poko\u017eky je rozhodnutie, ktor\u00e9 sa ur\u010dite vyplat\u00ed.<\/span><\/p>\n<p style=\"text-align: justify;\"><strong>Tu je odkaz na webov\u00fa str\u00e1nku v\u00fdrobcu:<\/strong><\/p>\n<div style=\"margin: 6px; margin-top: 15px; border: 3px dashed #cc0000; padding: 10px; text-align: center; min-height: 190px;\"><a id=\"v_url\" href=\"https:\/\/gd-price.com\/go\/yenki-derm-sk\/\" target=\"_blank\" rel=\"nofollow noopener noreferrer\"><br \/>\n<img loading=\"lazy\" decoding=\"async\" id=\"v_product_url\" class=\"lazy-loaded alignnone\" style=\"float: left; margin: 0px 10px 10px 50px; height: 160px; width: auto;\" src=\"https:\/\/medicamentum.pl\/wp-content\/uploads\/2024\/08\/Yenki-Derm1.jpg\" alt=\"Yenki Derm\" width=\"160\" height=\"160\" data-lazy-type=\"image\" data-src=\"https:\/\/medicamentum.pl\/wp-content\/uploads\/2024\/08\/Yenki-Derm1.jpg\" \/><br \/>\n<\/a><\/p>\n<div style=\"padding: 3px; font-size: 13px;\"><span id=\"v_header\">K\u00fapte si teraz Yenki Derm so z\u013eavou 50%!<\/span><a id=\"v_url\" style=\"font-size: 17px; line-height: 22px; font-weight: bold;\" href=\"https:\/\/gd-price.com\/go\/yenki-derm-sk\/\" target=\"_blank\" rel=\"nofollow noopener noreferrer\"><br \/>\n<span id=\"v_call2action\" style=\"color: #000000; background-color: #ffff00;\">Objednajte si teraz Yenki Derm<\/span><\/a><a id=\"v_url\" style=\"font-size: 16px; line-height: 22px; font-weight: bold;\" href=\"https:\/\/gd-price.com\/go\/yenki-derm-sk\/\" target=\"_blank\" rel=\"nofollow noopener noreferrer\"><br \/>\n<span id=\"v_call2action2\" style=\"color: #cc0000;\">Garantujeme a\u017e 50% z\u013eavu<\/span><br \/>\n<\/a><\/div>\n<div><span id=\"v_date2\" style=\"font-size: 13px;\">Akcia plat\u00ed do:<\/span> <span id=\"date\" style=\"font-weight: bold;\">30.04.2026 <span id=\"date\">23:59<\/span><\/span><\/div>\n<div><span id=\"v_text\">Pozor! Akcia je \u010dasovo obmedzen\u00e1 kv\u00f4li obmedzen\u00fdm z\u00e1sob\u00e1m.<\/span><\/div>\n<\/div>\n","protected":false},"excerpt":{"rendered":"<p>Ko\u017en\u00e9 probl\u00e9my nie s\u00fa len estetickou z\u00e1le\u017eitos\u0165ou, ale aj v\u00e1\u017enymi zdravotn\u00fdmi v\u00fdzvami, ktor\u00e9 m\u00f4\u017eu v\u00fdznamne ovplyvni\u0165 kvalitu \u017eivota postihnut\u00fdch os\u00f4b.&hellip;<\/p>\n","protected":false},"author":3,"featured_media":65274,"comment_status":"open","ping_status":"open","sticky":false,"template":"","format":"standard","meta":{"footnotes":""},"categories":[22],"tags":[],"_links":{"self":[{"href":"https:\/\/challengingthecrisis.com\/sk\/wp-json\/wp\/v2\/posts\/65299"}],"collection":[{"href":"https:\/\/challengingthecrisis.com\/sk\/wp-json\/wp\/v2\/posts"}],"about":[{"href":"https:\/\/challengingthecrisis.com\/sk\/wp-json\/wp\/v2\/types\/post"}],"author":[{"embeddable":true,"href":"https:\/\/challengingthecrisis.com\/sk\/wp-json\/wp\/v2\/users\/3"}],"replies":[{"embeddable":true,"href":"https:\/\/challengingthecrisis.com\/sk\/wp-json\/wp\/v2\/comments?post=65299"}],"version-history":[{"count":2,"href":"https:\/\/challengingthecrisis.com\/sk\/wp-json\/wp\/v2\/posts\/65299\/revisions"}],"predecessor-version":[{"id":65301,"href":"https:\/\/challengingthecrisis.com\/sk\/wp-json\/wp\/v2\/posts\/65299\/revisions\/65301"}],"wp:featuredmedia":[{"embeddable":true,"href":"https:\/\/challengingthecrisis.com\/sk\/wp-json\/wp\/v2\/media\/65274"}],"wp:attachment":[{"href":"https:\/\/challengingthecrisis.com\/sk\/wp-json\/wp\/v2\/media?parent=65299"}],"wp:term":[{"taxonomy":"category","embeddable":true,"href":"https:\/\/challengingthecrisis.com\/sk\/wp-json\/wp\/v2\/categories?post=65299"},{"taxonomy":"post_tag","embeddable":true,"href":"https:\/\/challengingthecrisis.com\/sk\/wp-json\/wp\/v2\/tags?post=65299"}],"curies":[{"name":"wp","href":"https:\/\/api.w.org\/{rel}","templated":true}]}}