{"id":277,"date":"2022-09-08T08:54:17","date_gmt":"2022-09-08T08:54:17","guid":{"rendered":"https:\/\/challengingthecrisis.com\/?p=277"},"modified":"2023-05-11T09:37:12","modified_gmt":"2023-05-11T09:37:12","slug":"audiovico","status":"publish","type":"post","link":"https:\/\/challengingthecrisis.com\/ro\/audiovico\/","title":{"rendered":"Audiovico pareri, forum, pret, catena, farmacii, ingrediente, farmacie, comanda"},"content":{"rendered":"<p style=\"text-align: justify;\"><strong><span style=\"font-size: 14pt;\"><img loading=\"lazy\" decoding=\"async\" class=\" wp-image-27228 alignleft\" src=\"https:\/\/challengingthecrisis.com\/wp-content\/uploads\/2023\/04\/Dr-Gabriela-Smit-1-1024x663.jpg\" alt=\"\" width=\"439\" height=\"284\" srcset=\"https:\/\/challengingthecrisis.com\/wp-content\/uploads\/2023\/04\/Dr-Gabriela-Smit-1-1024x663.jpg 1024w, https:\/\/challengingthecrisis.com\/wp-content\/uploads\/2023\/04\/Dr-Gabriela-Smit-1-300x194.jpg 300w, https:\/\/challengingthecrisis.com\/wp-content\/uploads\/2023\/04\/Dr-Gabriela-Smit-1-768x497.jpg 768w, https:\/\/challengingthecrisis.com\/wp-content\/uploads\/2023\/04\/Dr-Gabriela-Smit-1-1536x994.jpg 1536w, https:\/\/challengingthecrisis.com\/wp-content\/uploads\/2023\/04\/Dr-Gabriela-Smit-1-2048x1326.jpg 2048w\" sizes=\"(max-width: 439px) 100vw, 439px\" \/>Urechile cedeaz\u0103 adesea la diverse infec\u021bii \u0219i inflama\u021bii. Aceste afec\u021biuni pot avea cauze diferite, dar toate pot duce la pierderea ireversibil\u0103 a auzului.<\/span><\/strong><\/p>\n<p style=\"text-align: justify;\"><span style=\"font-size: 14pt;\">Bolile urechii afecteaz\u0103 \u00eentregul organ. Ele implic\u0103 nu numai ceea ce este vizibil \u00een exterior, ci \u0219i componentele interne ale urechii. <\/span><\/p>\n<p style=\"text-align: justify;\"><span style=\"font-size: 14pt;\">De obicei, nu sunt d\u0103un\u0103toare \u0219i sunt relativ u\u0219or de tratat. <strong>Cu toate acestea, ignorarea simptomelor poate duce la complica\u021bii periculoase care pot duce la pierderea complet\u0103 a auzului. Bolile din urechea extern\u0103 sunt mai pu\u021bin frecvente.<\/strong><\/span><\/p>\n<p style=\"text-align: justify;\"><span style=\"font-size: 14pt;\">Cea mai frecvent\u0103 form\u0103 a acesteia este un supozitor de cear\u0103. Aceasta apare atunci c\u00e2nd <strong>exist\u0103 o acumulare excesiv\u0103 de cear\u0103 \u00een urechi.<\/strong> Acest organ este capabil s\u0103 se cure\u021be singur. Cu toate acestea, din cauza lipsei de igien\u0103 \u0219i a altor factori, canalul auditiv se <strong>poate bloca.<\/strong><\/span><\/p>\n<p style=\"text-align: justify;\"><span style=\"font-size: 14pt;\">Este interesant de observat c\u0103 urechea dreapt\u0103 <strong>a persoanelor cu un nivel ridicat de stres tinde s\u0103 acumuleze mult mai mult\u0103 cear\u0103. <\/strong><\/span><\/p>\n<p style=\"text-align: justify;\"><span style=\"font-size: 14pt;\">Urechea extern\u0103 este predispus\u0103 la cancer de piele, la infec\u021bii bacteriene \u0219i virale \u0219i chiar la infec\u021bii fungice. <strong>Pentru a proteja pavilionul urechii, este important, de asemenea, s\u0103 \u00eel protej\u0103m de prea mult\u0103 lumin\u0103 solar\u0103.<\/strong><\/span><\/p>\n<div class='dropshadowboxes-container ' style='width:auto;'>\r\n                            <div class='dropshadowboxes-drop-shadow dropshadowboxes-rounded-corners dropshadowboxes-inside-and-outside-shadow dropshadowboxes-perspective-left dropshadowboxes-effect-default' style=' border: 7px solid #dd2f7d; height:; background-color:#1a19b7;    '>\r\n                            <\/p>\n<p style=\"text-align: center;\"><a href=\"https:\/\/www.viaapp.eu\/audiovico-promo\" target=\"_blank\" rel=\"noopener\"><span style=\"font-size: 14pt;\">\ud83d\udd25<\/span>\u00a0<span style=\"color: #ffffff;\"><strong><span style=\"font-size: 16pt;\">Audiovico <\/span><\/strong> <\/span><span style=\"font-size: 14pt;\">\ud83d\udd25<\/span><\/a><br \/>\n<a href=\"https:\/\/www.viaapp.eu\/audiovico-promo\" target=\"_blank\" rel=\"noopener\"><span style=\"color: #ffff00;\"><strong><span style=\"font-size: 14pt;\">\u2702 <\/span><span style=\"font-size: 16pt;\">PARERI\u00a0-50%<\/span><\/strong> <\/span><\/a><span style=\"font-size: 14pt;\">\ud83d\uded2<\/span><\/p>\n<p>\r\n                            <\/div>\r\n                        <\/div>\n<ul>\n<li style=\"text-align: justify;\"><strong><span style=\"font-size: 14pt;\">Leziuni<\/span><\/strong><\/li>\n<li style=\"text-align: justify;\"><strong><span style=\"font-size: 14pt;\">Munca cu zgomot<\/span><\/strong><\/li>\n<li style=\"text-align: justify;\"><strong><span style=\"font-size: 14pt;\">Diabet<\/span><\/strong><\/li>\n<li style=\"text-align: justify;\"><strong><span style=\"font-size: 14pt;\">Factori genetici<\/span><\/strong><\/li>\n<li style=\"text-align: justify;\"><strong><span style=\"font-size: 14pt;\">Boala Alzheimer<\/span><\/strong><\/li>\n<\/ul>\n<p style=\"text-align: justify;\"><span style=\"font-size: 14pt;\">Dac\u0103 nu pute\u021bi auzi, v\u0103 poate fi dificil s\u0103 comunica\u021bi cu ceilal\u021bi sau s\u0103 v\u0103 desf\u0103\u0219ura\u021bi \u00een societate. <strong>Persoanele cu pierderea auzului au mai pu\u021bine \u0219anse s\u0103 participe la \u00eent\u00e2lniri sociale \u0219i este mai probabil s\u0103 nu mearg\u0103.<\/strong><\/span><\/p>\n<p style=\"text-align: justify;\"><span style=\"font-size: 14pt;\"> Pacien\u021bii cu pierderea auzului se simt obosi\u021bi, frustra\u021bi \u0219i stresa\u021bi atunci c\u00e2nd nu reu\u0219esc s\u0103 <strong>\u00een\u021beleag\u0103 cuvintele celorlal\u021bi.<\/strong><\/span><br \/>\n<span style=\"font-size: 14pt;\">De asemenea, ace\u0219tia pot avea dificult\u0103\u021bi \u00een a-\u0219i aminti informa\u021bii. <strong>Ignorarea pierderii<\/strong> <strong>auzului este periculoas\u0103.<\/strong><\/span><\/p>\n<p style=\"text-align: justify;\"><span style=\"font-size: 14pt;\"><strong>Audiovico este un medicament sigur \u0219i eficient, care a fost testat \u0219i certificat.<\/strong> Acesta con\u021bine numai ingrediente naturale care au fost concentrate pentru a <strong>ob\u021bine cele mai bune rezultate \u0219i pentru a elimina orice simptome incomode.<\/strong><\/span><\/p>\n<p><img loading=\"lazy\" decoding=\"async\" class=\" wp-image-27879 aligncenter\" src=\"https:\/\/challengingthecrisis.com\/wp-content\/uploads\/2022\/09\/Audiovico3-1-4-1024x683.jpg\" alt=\"\" width=\"764\" height=\"509\" srcset=\"https:\/\/challengingthecrisis.com\/wp-content\/uploads\/2022\/09\/Audiovico3-1-4-1024x683.jpg 1024w, https:\/\/challengingthecrisis.com\/wp-content\/uploads\/2022\/09\/Audiovico3-1-4-300x200.jpg 300w, https:\/\/challengingthecrisis.com\/wp-content\/uploads\/2022\/09\/Audiovico3-1-4-768x512.jpg 768w, https:\/\/challengingthecrisis.com\/wp-content\/uploads\/2022\/09\/Audiovico3-1-4-1536x1024.jpg 1536w, https:\/\/challengingthecrisis.com\/wp-content\/uploads\/2022\/09\/Audiovico3-1-4-2048x1366.jpg 2048w\" sizes=\"(max-width: 764px) 100vw, 764px\" \/><\/p>\n<h2>Audiovico &#8211; ac\u021biune, efecte<\/h2>\n<p style=\"text-align: justify;\"><strong><span style=\"font-size: 14pt;\">Audiovico este cea mai bun\u0103 op\u021biune pentru tratarea tinitusului \u0219i a pierderii incipiente a auzului. Ac\u021biunea sa remarcabil\u0103 elimin\u0103 aceste afec\u021biuni, deoarece produsul ajut\u0103 la regenerarea \u021besuturilor urechii.<\/span><\/strong><\/p>\n<p style=\"text-align: justify;\"><span style=\"font-size: 14pt;\"> De asemenea, le ofer\u0103 oamenilor lini\u0219te sufleteasc\u0103 \u0219i un somn odihnitor. Ingredientele naturale sunt folosite pentru a reduce<strong> pierderea auzului indus\u0103 de zgomot \u0219i pentru a restabili auzul.<\/strong><\/span><\/p>\n<p style=\"text-align: justify;\"><span style=\"font-size: 14pt;\">Studiile clinice au ar\u0103tat c\u0103 acest produs este cel mai bun pentru tratarea pierderii auzului. Tabletele <strong>Audiovico pot oferi rezultate excelente \u0219i sunt sigure pentru s\u0103n\u0103tatea dumneavoastr\u0103.<\/strong> Pute\u021bi utiliza acest produs \u00een mod regulat pentru a v\u0103 \u00eembun\u0103t\u0103\u021bi auzul \u0219i pentru a reduce zgomotul din urechea intern\u0103.<\/span><\/p>\n<p style=\"text-align: justify;\"><span style=\"font-size: 14pt;\">Audiovico promite rezultate uimitoare:<\/span><\/p>\n<ul>\n<li style=\"text-align: justify;\"><span style=\"font-size: 14pt;\"><strong>elimin\u0103 pierderea auzului<\/strong><\/span><\/li>\n<li style=\"text-align: justify;\"><span style=\"font-size: 14pt;\"><strong>elimin\u0103 tinitusul<\/strong><\/span><\/li>\n<li style=\"text-align: justify;\"><span style=\"font-size: 14pt;\"><strong>sus\u021bine sistemul auditiv<\/strong><\/span><\/li>\n<li style=\"text-align: justify;\"><span style=\"font-size: 14pt;\"><strong>sus\u021bine memoria \u0219i concentrarea<\/strong><\/span><\/li>\n<li style=\"text-align: justify;\"><span style=\"font-size: 14pt;\"><strong>garanteaz\u0103 un somn odihnitor<\/strong><\/span><\/li>\n<\/ul>\n<h2>Audiovico dozaj, compozi\u021bie<\/h2>\n<p style=\"text-align: justify;\"><span style=\"font-size: 14pt;\">Audiovico este un agent medical oral pentru tratamentul tinitusului. Audiovico are o compozi\u021bie s\u0103n\u0103toas\u0103, f\u0103r\u0103 efecte secundare. \u00cembun\u0103t\u0103\u021be\u0219te memoria, concentrarea \u0219i capacitatea de asociere cu ceilal\u021bi. Compozi\u021bia de Audiovico este atent formulat\u0103. <\/span><\/p>\n<p style=\"text-align: justify;\"><span style=\"font-size: 14pt;\">Unele ingrediente au un efect direct asupra organului auditiv, \u00een timp ce altele au un efect general complementar. <strong><span style=\"color: #ff0000;\"><em><a style=\"color: #ff0000;\" href=\"https:\/\/www.viaapp.eu\/audiovico-promo\" target=\"_blank\" rel=\"noopener\">Site-ul oficial Audiovico<\/a><\/em><\/span> ofer\u0103 mai multe informa\u021bii, inclusiv dozajul \u0219i compozi\u021bia.<\/strong><\/span><\/p>\n<p><img loading=\"lazy\" decoding=\"async\" class=\" wp-image-27906 aligncenter\" src=\"https:\/\/challengingthecrisis.com\/wp-content\/uploads\/2022\/09\/Audiovico4-1-4-1024x683.jpg\" alt=\"\" width=\"776\" height=\"517\" srcset=\"https:\/\/challengingthecrisis.com\/wp-content\/uploads\/2022\/09\/Audiovico4-1-4-1024x683.jpg 1024w, https:\/\/challengingthecrisis.com\/wp-content\/uploads\/2022\/09\/Audiovico4-1-4-300x200.jpg 300w, https:\/\/challengingthecrisis.com\/wp-content\/uploads\/2022\/09\/Audiovico4-1-4-768x512.jpg 768w, https:\/\/challengingthecrisis.com\/wp-content\/uploads\/2022\/09\/Audiovico4-1-4-1536x1024.jpg 1536w, https:\/\/challengingthecrisis.com\/wp-content\/uploads\/2022\/09\/Audiovico4-1-4-2048x1365.jpg 2048w\" sizes=\"(max-width: 776px) 100vw, 776px\" \/><\/p>\n<h2>Recenzii despre Audiovico<\/h2>\n<p style=\"text-align: justify;\"><span style=\"font-size: 14pt;\">Audiovico a primit recenzii pozitive din partea utilizatorilor mul\u021bumi\u021bi. Mul\u021bi medici l-au <strong>recenzat pe site-urile medicale \u0219i exist\u0103, de asemenea, recenzii pe re\u021belele sociale \u0219i pe forumurile medicale.<\/strong> Utilizatorii adaug\u0103 c\u0103 Audiovico este, de asemenea, dovedit a \u00eembun\u0103t\u0103\u021bi memoria.<\/span><\/p>\n<p style=\"text-align: justify;\"><span style=\"font-size: 14pt;\"><strong>Mul\u021bi oameni scriu despre \u00eembun\u0103t\u0103\u021biri ale auzului \u0219i ale concentr\u0103rii, precum \u0219i despre \u00eembun\u0103t\u0103\u021birea calit\u0103\u021bii somnului.<\/strong> Audiovico este un produs excelent pe care \u00eel recomand\u0103m cu c\u0103ldur\u0103. \u00cen plus, medicii din recenzii subliniaz\u0103 c\u0103 Audiovico restabile\u0219te confortul, amelioreaz\u0103 tensiunea \u0219i ofer\u0103 o stare de bine datorit\u0103 ingredientelor sale naturale. <\/span><\/p>\n<p style=\"text-align: justify;\"><strong><span style=\"font-size: 14pt;\">Acestea sunt doar c\u00e2teva dintre recenziile Audiovico:<\/span><\/strong><\/p>\n<blockquote>\n<p style=\"text-align: justify;\"><span style=\"font-size: 14pt;\">Am sim\u021bit un b\u00e2z\u00e2it ciudat \u00een urechi, care s-a dovedit a fi un indicator al unei infec\u021bii. Audiovico a fost capabil \u0219i rapid s\u0103 m\u0103 ajute.<strong> L-a\u0219 recomanda oricui se lupt\u0103 cu probleme de auz!<\/strong><\/span><\/p>\n<\/blockquote>\n<p>&nbsp;<\/p>\n<blockquote>\n<p style=\"text-align: justify;\"><span style=\"font-size: 14pt;\">Specialistul ORL spune c\u0103 vocile slabe, urechile care \u021biuie, pierderea auzului, epuizarea mental\u0103 \u0219i \u021biuitul \u00een urechi sunt probleme cu care se confrunt\u0103 oameni din \u00eentreaga lume \u0219i, din p\u0103cate, este greu de comb\u0103tut aceste afec\u021biuni pentru totdeauna. Pentru c\u0103 lucrez cu tineri g\u0103l\u0103gio\u0219i, am probleme de auz permanente<strong>. Am g\u0103sit Audiovico pe internet. Recenzile indicau c\u0103 ajut\u0103 la eliminarea zgomotelor \u0219i c\u0103 auzul se \u00eembun\u0103t\u0103\u021be\u0219te.<\/strong> L-am \u00eencercat \u0219i cred c\u0103 Audiovico este un produs excelent care func\u021bioneaz\u0103. A fost o decizie excelent\u0103.<\/span><\/p>\n<\/blockquote>\n<h2>De unde s\u0103 cump\u0103ra\u021bi Audiovico?<\/h2>\n<p style=\"text-align: justify;\"><span style=\"font-size: 14pt;\">Pute\u021bi comanda acest produs doar din magazinul online oficial Audiovico. Acest produs nu este v\u00e2ndut \u00een farmacii sau drogherii. Preparatul medical Audiovico nu este disponibil \u00een farmacii sau drogherii. Evita\u021bi al\u021bi comercian\u021bi online care pot vinde \u00eenlocuitori ineficien\u021bi, v\u0103 pot fura banii sau pot avea un con\u021binut d\u0103un\u0103tor. <strong>Aici este linkul c\u0103tre site-ul oficial al Audiovico:<\/strong><\/span><\/p>\n<div style=\"margin: 6px; margin-top: 15px; border: 3px dashed #cc0000; padding: 10px; text-align: center; min-height: 190px;\"><a id=\"v_url\" href=\"https:\/\/www.viaapp.eu\/audiovico-promo\" target=\"_blank\" rel=\"nofollow noopener noreferrer\"><img decoding=\"async\" id=\"v_product_url\" class=\"lazy-loaded\" style=\"float: left; margin: 0px 10px 10px 50px; height: 160px; width: auto;\" src=\"https:\/\/fitnesshealthpros.com\/wp-content\/uploads\/2023\/05\/Audiovico2-1.jpg\" alt=\"Audiovico\" data-lazy-type=\"image\" data-src=\"https:\/\/fitnesshealthpros.com\/wp-content\/uploads\/2023\/05\/Audiovico2-1.jpg\" \/><br \/>\n<\/a><\/p>\n<div style=\"padding: 3px; font-size: 13px;\"><span id=\"v_header\">Cump\u0103r\u0103 acum Audiovico cu reducere de 50%!<\/span><\/div>\n<div style=\"margin: 10px; text-align: center;\"><a id=\"v_url\" style=\"font-size: 17px; line-height: 22px; font-weight: bold;\" href=\"https:\/\/www.viaapp.eu\/audiovico-promo\" target=\"_blank\" rel=\"nofollow noopener noreferrer\"><span id=\"v_call2action\" style=\"color: #000000; background-color: #ffff00;\">Comand\u0103 acum Audiovico<\/span><\/a><\/div>\n<div style=\"margin: 8px; text-align: center;\"><a id=\"v_url\" style=\"font-size: 16px; line-height: 22px; font-weight: bold;\" href=\"https:\/\/www.viaapp.eu\/audiovico-promo\" target=\"_blank\" rel=\"nofollow noopener noreferrer\"><span id=\"v_call2action2\" style=\"color: #cc0000;\">Garant\u0103m 50% reducere<\/span><\/a><\/div>\n<div><span id=\"v_date2\" style=\"font-size: 13px;\">Promo\u021bia este valabil\u0103 p\u00e2n\u0103 la:<\/span> <span id=\"date\" style=\"font-weight: bold;\">29.04.2026 <span id=\"date\">23:59<\/span><br \/>\n<\/span><\/div>\n<div><span id=\"v_text\">Aten\u021bie! Din cauza epuiz\u0103rii stocurilor, promo\u021bia este valabil\u0103 pentru o perioad\u0103 limitat\u0103 de timp.<\/span><\/div>\n<\/div>\n","protected":false},"excerpt":{"rendered":"<p>Urechile cedeaz\u0103 adesea la diverse infec\u021bii \u0219i inflama\u021bii. Aceste afec\u021biuni pot avea cauze diferite, dar toate pot duce la pierderea&hellip;<\/p>\n","protected":false},"author":3,"featured_media":27852,"comment_status":"open","ping_status":"open","sticky":false,"template":"","format":"standard","meta":{"footnotes":""},"categories":[21],"tags":[],"_links":{"self":[{"href":"https:\/\/challengingthecrisis.com\/ro\/wp-json\/wp\/v2\/posts\/277"}],"collection":[{"href":"https:\/\/challengingthecrisis.com\/ro\/wp-json\/wp\/v2\/posts"}],"about":[{"href":"https:\/\/challengingthecrisis.com\/ro\/wp-json\/wp\/v2\/types\/post"}],"author":[{"embeddable":true,"href":"https:\/\/challengingthecrisis.com\/ro\/wp-json\/wp\/v2\/users\/3"}],"replies":[{"embeddable":true,"href":"https:\/\/challengingthecrisis.com\/ro\/wp-json\/wp\/v2\/comments?post=277"}],"version-history":[{"count":3,"href":"https:\/\/challengingthecrisis.com\/ro\/wp-json\/wp\/v2\/posts\/277\/revisions"}],"predecessor-version":[{"id":27933,"href":"https:\/\/challengingthecrisis.com\/ro\/wp-json\/wp\/v2\/posts\/277\/revisions\/27933"}],"wp:featuredmedia":[{"embeddable":true,"href":"https:\/\/challengingthecrisis.com\/ro\/wp-json\/wp\/v2\/media\/27852"}],"wp:attachment":[{"href":"https:\/\/challengingthecrisis.com\/ro\/wp-json\/wp\/v2\/media?parent=277"}],"wp:term":[{"taxonomy":"category","embeddable":true,"href":"https:\/\/challengingthecrisis.com\/ro\/wp-json\/wp\/v2\/categories?post=277"},{"taxonomy":"post_tag","embeddable":true,"href":"https:\/\/challengingthecrisis.com\/ro\/wp-json\/wp\/v2\/tags?post=277"}],"curies":[{"name":"wp","href":"https:\/\/api.w.org\/{rel}","templated":true}]}}