{"id":68450,"date":"2024-11-14T13:16:22","date_gmt":"2024-11-14T13:16:22","guid":{"rendered":"https:\/\/challengingthecrisis.com\/?p=68450"},"modified":"2024-11-14T16:21:32","modified_gmt":"2024-11-14T16:21:32","slug":"hair-gleem","status":"publish","type":"post","link":"https:\/\/challengingthecrisis.com\/hu\/hair-gleem\/","title":{"rendered":"Hair Gleem haszn\u00e1lata, v\u00e9lem\u00e9nyek, teszt, \u00e1ra, rendel\u00e9s, forum magyar"},"content":{"rendered":"<h2><strong><img loading=\"lazy\" decoding=\"async\" class=\"wp-image-58419 alignleft\" src=\"https:\/\/challengingthecrisis.com\/wp-content\/uploads\/2024\/03\/Dr-Gabriela-Smit-1024x663.jpg\" alt=\"\" width=\"403\" height=\"261\" srcset=\"https:\/\/challengingthecrisis.com\/wp-content\/uploads\/2024\/03\/Dr-Gabriela-Smit-1024x663.jpg 1024w, https:\/\/challengingthecrisis.com\/wp-content\/uploads\/2024\/03\/Dr-Gabriela-Smit-300x194.jpg 300w, https:\/\/challengingthecrisis.com\/wp-content\/uploads\/2024\/03\/Dr-Gabriela-Smit-768x497.jpg 768w, https:\/\/challengingthecrisis.com\/wp-content\/uploads\/2024\/03\/Dr-Gabriela-Smit-1536x994.jpg 1536w, https:\/\/challengingthecrisis.com\/wp-content\/uploads\/2024\/03\/Dr-Gabriela-Smit-2048x1326.jpg 2048w\" sizes=\"(max-width: 403px) 100vw, 403px\" \/>Hair Gleem \u2013 Mi ez, \u00e9s hogyan m\u0171k\u00f6dik?<\/strong><\/h2>\n<p style=\"text-align: justify;\"><span style=\"font-size: 17px;\"><strong>Hair Gleem<\/strong> <strong>egy n\u00e9pszer\u0171 \u00e9trend-kieg\u00e9sz\u00edt\u0151 azok sz\u00e1m\u00e1ra, akik jav\u00edtani szeretn\u00e9k hajuk eg\u00e9szs\u00e9g\u00e9t \u00e9s megjelen\u00e9s\u00e9t,<\/strong> egy olyan \u00f6sszetett formul\u00e1val, amely biztos\u00edtja a hajnak sz\u00fcks\u00e9ges t\u00e1panyagokat, hogy ellen\u00e1ll\u00f3bb \u00e9s f\u00e9nyesebb legyen. <\/span><\/p>\n<p style=\"text-align: justify;\"><span style=\"font-size: 17px;\">A Hair Gleem speci\u00e1lisan v\u00e1logatott \u00f6sszetev\u0151kkel k\u00e9sz\u00fclt, amelyek pozit\u00edv hat\u00e1ssal vannak a fejb\u0151r \u00e9s a haj eg\u00e9szs\u00e9g\u00e9re, \u00edgy minden hajt\u00edpushoz aj\u00e1nlott, \u00e9letkort\u00f3l \u00e9s haj\u00e1llapott\u00f3l f\u00fcggetlen\u00fcl. Ez a kieg\u00e9sz\u00edt\u0151 seg\u00edt cs\u00f6kkenteni a hajhull\u00e1st, \u00e9s serkenti a hajn\u00f6veked\u00e9st, hat\u00e9kony megold\u00e1st k\u00edn\u00e1lva azoknak, akik hajritkul\u00e1ssal k\u00fczdenek. <\/span><\/p>\n<div class='dropshadowboxes-container ' style='width:auto;'>\r\n                            <div class='dropshadowboxes-drop-shadow dropshadowboxes-rounded-corners dropshadowboxes-inside-and-outside-shadow dropshadowboxes-perspective-left dropshadowboxes-effect-default' style=' border: 7px solid #dd2f7d; height:; background-color:#1a19b7;    '>\r\n                            <\/p>\n<p style=\"text-align: center;\"><a href=\"https:\/\/gd-price.com\/go\/hair-gleem-hu\/\" target=\"_blank\" rel=\"noopener\"><span style=\"font-size: 16pt;\">\ud83d\udd25<\/span> <span style=\"color: #ffffff;\"><strong><span style=\"font-size: 16pt;\">Hair Gleem<\/span><\/strong> <\/span><span style=\"font-size: 16pt;\">\ud83d\udd25<\/span><\/a><br \/>\n<a href=\"https:\/\/gd-price.com\/go\/hair-gleem-hu\/\" target=\"_blank\" rel=\"noopener\"><span style=\"color: #ffff00;\"><strong><span style=\"font-size: 16pt;\">\u2702 <\/span><span style=\"font-size: 16pt;\">-50% \u00c1R<\/span><\/strong> <\/span><span style=\"font-size: 16pt;\">\ud83d\uded2<\/span><\/a><\/p>\n<p>\r\n                            <\/div>\r\n                        <\/div>\n<p style=\"text-align: justify;\"><span style=\"font-size: 17px;\">Akt\u00edv formul\u00e1ja a hajt\u0151t\u0151l eg\u00e9szen a hajv\u00e9gekig hat, t\u00e1pl\u00e1lva a haj szerkezet\u00e9t \u00e9s v\u00e9dve a k\u00f6rnyezeti hat\u00e1sokkal szemben. <\/span><\/p>\n<p style=\"text-align: justify;\"><span style=\"font-size: 17px;\">Ez\u00e1ltal ide\u00e1lis v\u00e1laszt\u00e1s azok sz\u00e1m\u00e1ra, akik hajuk regener\u00e1ci\u00f3j\u00e1t szeretn\u00e9k el\u0151seg\u00edteni, ak\u00e1r a stressz, az \u00f6reged\u00e9s vagy egy\u00e9b t\u00e9nyez\u0151k okozta hajhull\u00e1s miatt. <\/span><\/p>\n<p style=\"text-align: justify;\"><strong><span style=\"font-size: 17px;\">Az eredm\u00e9nyek m\u00e1r n\u00e9h\u00e1ny h\u00e9t rendszeres haszn\u00e1lat ut\u00e1n l\u00e1that\u00f3ak: a haj s\u0171r\u0171bb, eg\u00e9szs\u00e9gesebb \u00e9s \u00e9lettel telibb lesz. A Hair Gleem \u00edgy term\u00e9szetes megold\u00e1st k\u00edn\u00e1l a haj revitaliz\u00e1l\u00e1s\u00e1hoz.<\/span><\/strong><\/p>\n<h2><strong>Hair Gleem \u00f6sszetev\u0151k \u2013 Az eg\u00e9szs\u00e9ges haj titka<\/strong><\/h2>\n<p style=\"text-align: justify;\"><span style=\"font-size: 17px;\">A Hair Gleem egy er\u0151s hat\u00f3anyag-kombin\u00e1ci\u00f3t tartalmaz, amely hozz\u00e1j\u00e1rul a hajsz\u00e1lak meger\u0151s\u00edt\u00e9s\u00e9hez \u00e9s regener\u00e1ci\u00f3j\u00e1nak t\u00e1mogat\u00e1s\u00e1hoz. <\/span><\/p>\n<p style=\"text-align: justify;\"><span style=\"font-size: 17px;\">A kulcsfontoss\u00e1g\u00fa \u00f6sszetev\u0151k k\u00f6z\u00e9 tartozik a biotin, amely n\u00e9lk\u00fcl\u00f6zhetetlen a fejb\u0151r \u00e9s a haj eg\u00e9szs\u00e9g\u00e9nek fenntart\u00e1s\u00e1hoz, \u00e9s a cink, egy \u00e1sv\u00e1nyi anyag, amely seg\u00edt cs\u00f6kkenteni a hajhull\u00e1st az\u00e1ltal, hogy er\u0151s\u00edti a haj szerkezet\u00e9t. A formula term\u00e9szetes kivonatokat is tartalmaz, p\u00e9ld\u00e1ul csal\u00e1nkivonatot, amely el\u0151seg\u00edti a haj n\u00f6veked\u00e9s\u00e9t.<\/span><\/p>\n<p style=\"text-align: justify;\"><span style=\"font-size: 17px;\"> Ezenk\u00edv\u00fcl a Hair Gleem B-vitamin-komplexet tartalmaz, amely alapvet\u0151 szerepet j\u00e1tszik a sejtek regener\u00e1ci\u00f3s folyamataiban \u00e9s a fejb\u0151r eg\u00e9szs\u00e9g\u00e9nek jav\u00edt\u00e1s\u00e1ban. Minden \u00f6sszetev\u0151 optim\u00e1lis mennyis\u00e9gben van jelen a maxim\u00e1lis hat\u00e1s el\u00e9r\u00e9se \u00e9rdek\u00e9ben. Az \u00f6sszetev\u0151k teljes list\u00e1ja megtal\u00e1lhat\u00f3 a <a href=\"https:\/\/gd-price.com\/go\/hair-gleem-hu\/\" target=\"_blank\" rel=\"nofollow noopener noreferrer\">gy\u00e1rt\u00f3 hivatalos weboldal\u00e1n<\/a>, ahol a fogyaszt\u00f3k r\u00e9szletes inform\u00e1ci\u00f3kat kaphatnak a term\u00e9k \u00f6sszet\u00e9tel\u00e9r\u0151l. <\/span><\/p>\n<p style=\"text-align: justify;\"><span style=\"font-size: 17px;\">Ez az egyed\u00fcl\u00e1ll\u00f3 formula \u00edgy biztos\u00edtja a haj sz\u00e1m\u00e1ra az \u00f6sszes sz\u00fcks\u00e9ges t\u00e1panyagot, hogy eg\u00e9szs\u00e9ges \u00e9s ragyog\u00f3 legyen.<\/span><\/p>\n<p><img loading=\"lazy\" decoding=\"async\" class=\"wp-image-68357 aligncenter\" src=\"https:\/\/challengingthecrisis.com\/wp-content\/uploads\/2024\/11\/Hair-Gleem3.jpg\" alt=\"\" width=\"779\" height=\"519\" srcset=\"https:\/\/challengingthecrisis.com\/wp-content\/uploads\/2024\/11\/Hair-Gleem3.jpg 750w, https:\/\/challengingthecrisis.com\/wp-content\/uploads\/2024\/11\/Hair-Gleem3-300x200.jpg 300w\" sizes=\"(max-width: 779px) 100vw, 779px\" \/><\/p>\n<h2><strong>Hair Gleem \u2013 Felhaszn\u00e1l\u00f3i v\u00e9lem\u00e9nyek \u00e9s \u00e9rt\u00e9kel\u00e9sek a f\u00f3rumokon<\/strong><\/h2>\n<p style=\"text-align: justify;\"><span style=\"font-size: 17px;\">Sz\u00e1mos Hair Gleem felhaszn\u00e1l\u00f3 osztotta meg pozit\u00edv tapasztalatait k\u00fcl\u00f6nb\u00f6z\u0151 f\u00f3rumokon, kiemelve a hajuk eg\u00e9szs\u00e9g\u00e9re gyakorolt l\u00e1that\u00f3 hat\u00e1sokat. Azok, akik kipr\u00f3b\u00e1lt\u00e1k a term\u00e9ket, \u00e9rt\u00e9kelik, hogy nemcsak a hajuk er\u0151sebb\u00e9 v\u00e1lt, hanem a haj volumen\u00e9t \u00e9s f\u00e9ny\u00e9t is jelent\u0151sen n\u00f6velte. <\/span><\/p>\n<p style=\"text-align: justify;\"><span style=\"font-size: 17px;\">A megjegyz\u00e9sekben az is szerepel, hogy a haj k\u00f6nnyebben f\u00e9s\u00fclhet\u0151 \u00e9s kev\u00e9sb\u00e9 hajlamos a t\u00f6redez\u00e9sre, ami nagy el\u0151ny azok sz\u00e1m\u00e1ra, akik t\u00f6r\u00e9keny hajjal k\u00fczdenek. <strong>Az interneten a Hair Gleem sz\u00e1mos aj\u00e1nl\u00e1st kapott azokt\u00f3l a felhaszn\u00e1l\u00f3kt\u00f3l, akik azt \u00e1ll\u00edtj\u00e1k, hogy az eredm\u00e9nyek m\u00e1r n\u00e9h\u00e1ny h\u00e9ttel a kezel\u00e9s megkezd\u00e9se ut\u00e1n l\u00e1that\u00f3ak. Egyes \u00fcgyfelek megeml\u00edtett\u00e9k, hogy a term\u00e9k haszn\u00e1lata ut\u00e1n m\u00e1r nem<\/strong> sz\u00fcks\u00e9ges m\u00e1s kieg\u00e9sz\u00edt\u0151k vagy term\u00e9kek haszn\u00e1lata a haj regener\u00e1l\u00e1s\u00e1ra. <\/span><\/p>\n<p style=\"text-align: justify;\"><span style=\"font-size: 17px;\">A f\u00f3rumokon tal\u00e1lhat\u00f3 hozz\u00e1sz\u00f3l\u00e1sok meger\u0151s\u00edtik, hogy a Hair Gleem hossz\u00fa t\u00e1v\u00fa \u00e9s mell\u00e9khat\u00e1sok n\u00e9lk\u00fcli eredm\u00e9nyeket k\u00edn\u00e1l, \u00edgy megb\u00edzhat\u00f3 v\u00e1laszt\u00e1snak bizonyul. Ez mutatja a term\u00e9k egyre n\u00f6vekv\u0151 n\u00e9pszer\u0171s\u00e9g\u00e9t azok k\u00f6r\u00e9ben, akik term\u00e9szetes \u00e9s hat\u00e9kony megold\u00e1st keresnek a haj eg\u00e9szs\u00e9g\u00e9nek jav\u00edt\u00e1s\u00e1ra.<\/span><\/p>\n<h2><strong>Hair Gleem el\u0151nyei \u00e9s eredm\u00e9nyei \u2013 Mit mondanak a tanulm\u00e1nyok?<\/strong><\/h2>\n<p style=\"text-align: justify;\"><span style=\"font-size: 17px;\">A szak\u00e9rt\u0151i tanulm\u00e1nyok szerint a Hair Gleem sz\u00e1mos bizony\u00edtott el\u0151nyt k\u00edn\u00e1l a haj eg\u00e9szs\u00e9g\u00e9nek jav\u00edt\u00e1sa ter\u00e9n. <strong>A tesztek kimutatt\u00e1k, hogy n\u00e9h\u00e1ny hetes haszn\u00e1lat ut\u00e1n a haj d\u00fasabb\u00e1,<\/strong> er\u0151sebb\u00e9 \u00e9s f\u00e9nyesebb\u00e9 v\u00e1lik. Egy tov\u00e1bbi el\u0151nye a haj volumen\u00e9nek l\u00e1tv\u00e1nyos n\u00f6veked\u00e9se, mivel a kieg\u00e9sz\u00edt\u0151 serkenti a haj n\u00f6veked\u00e9s\u00e9t \u00e9s er\u0151s\u00edti a hajsz\u00e1lakat a gy\u00f6kerekt\u0151l kezdve. <\/span><\/p>\n<p style=\"text-align: justify;\"><span style=\"font-size: 17px;\">Ezenk\u00edv\u00fcl a Hair Gleem jelent\u0151sen cs\u00f6kkenti a hajhull\u00e1st, \u00e9s az eredm\u00e9nyek k\u00fcl\u00f6n\u00f6sen azokn\u00e1l a szem\u00e9lyekn\u00e9l mutatkoznak meg, akik folyamatosan haszn\u00e1lt\u00e1k a term\u00e9ket. <strong>Hosszantart\u00f3 hat\u00e1s\u00e1t a term\u00e9szetes \u00f6sszetev\u0151k formul\u00e1j\u00e1nak k\u00f6sz\u00f6nheti, amelyek t\u00e1pl\u00e1lj\u00e1k a hajat \u00e9s a fejb\u0151rt, \u00edgy fenntartva ezek eg\u00e9szs\u00e9g\u00e9t.<\/strong><\/span><\/p>\n<p style=\"text-align: justify;\"><span style=\"font-size: 17px;\"> A tanulm\u00e1nyok azt is meger\u0151s\u00edtett\u00e9k, hogy a Hair Gleem egy biztons\u00e1gos \u00e9trend-kieg\u00e9sz\u00edt\u0151, jelent\u0151s mell\u00e9khat\u00e1sok n\u00e9lk\u00fcl. Ezek a pozit\u00edv eredm\u00e9nyek teszik ide\u00e1lis v\u00e1laszt\u00e1ss\u00e1 azok sz\u00e1m\u00e1ra, akik term\u00e9szetes m\u00f3dszerekkel szeretn\u00e9k jav\u00edtani hajuk eg\u00e9szs\u00e9g\u00e9t.<\/span><\/p>\n<p><img loading=\"lazy\" decoding=\"async\" class=\"wp-image-68319 aligncenter\" src=\"https:\/\/challengingthecrisis.com\/wp-content\/uploads\/2024\/11\/Hair-Gleem2.jpg\" alt=\"\" width=\"775\" height=\"518\" srcset=\"https:\/\/challengingthecrisis.com\/wp-content\/uploads\/2024\/11\/Hair-Gleem2.jpg 759w, https:\/\/challengingthecrisis.com\/wp-content\/uploads\/2024\/11\/Hair-Gleem2-300x200.jpg 300w\" sizes=\"(max-width: 775px) 100vw, 775px\" \/><\/p>\n<h2><strong>Hair Gleem \u2013 Hogyan kell haszn\u00e1lni? Helyes adagol\u00e1si \u00fatmutat\u00f3<\/strong><\/h2>\n<p style=\"text-align: justify;\"><span style=\"font-size: 17px;\"><strong>A legjobb eredm\u00e9nyek el\u00e9r\u00e9se \u00e9rdek\u00e9ben a Hair Gleem haszn\u00e1lat\u00e1t a gy\u00e1rt\u00f3 aj\u00e1nl\u00e1sai szerint kell v\u00e9gezni, \u00e9s k\u00f6nnyen beilleszthet\u0151 a napi rutinba.<\/strong> Napi egy kapszula bev\u00e9tel\u00e9t javasolj\u00e1k, lehet\u0151leg \u00e9tkez\u00e9s k\u00f6zben, hogy el\u0151seg\u00edtse a hat\u00f3anyagok optim\u00e1lis felsz\u00edv\u00f3d\u00e1s\u00e1t. Fontos a term\u00e9k rendszeres, megszak\u00edt\u00e1s n\u00e9lk\u00fcli haszn\u00e1lata, mivel csak \u00edgy lehet hossz\u00fa t\u00e1v\u00fa hat\u00e1st el\u00e9rni.<\/span><\/p>\n<p style=\"text-align: justify;\"><span style=\"font-size: 17px;\"> Azok a szem\u00e9lyek, akiknek nagyobb ig\u00e9nyeik vannak, vagy s\u00falyosabb hajprobl\u00e9m\u00e1kkal k\u00fczdenek, konzult\u00e1lhatnak szakemberrel az adagol\u00e1s egy\u00e9ni ig\u00e9nyekhez t\u00f6rt\u00e9n\u0151 igaz\u00edt\u00e1sa \u00e9rdek\u00e9ben. <strong>Legal\u00e1bb h\u00e1rom h\u00f3napos helyes haszn\u00e1lat garant\u00e1lja a l\u00e1that\u00f3 \u00e9s tart\u00f3s eredm\u00e9nyeket.<\/strong><\/span><\/p>\n<p style=\"text-align: justify;\"><span style=\"font-size: 17px;\"> A Hair Gleem \u00edgy ide\u00e1lis a mindennapi haszn\u00e1latra, \u00e9s seg\u00edt er\u0151sebb, eg\u00e9szs\u00e9gesebb \u00e9s vonz\u00f3bb hajat el\u00e9rni. Azok sz\u00e1m\u00e1ra, akik tart\u00f3s megold\u00e1st keresnek a hajuk eg\u00e9szs\u00e9g\u00e9nek meg\u0151rz\u00e9s\u00e9re, a Hair Gleem megfelel\u0151 adagol\u00e1sa elengedhetetlen.<\/span><\/p>\n<h2><strong>Hair Gleem \u2013 \u00c1r gy\u00f3gyszert\u00e1rban \u00e9s online. Hol v\u00e1s\u00e1rolhat\u00f3?<\/strong><\/h2>\n<p style=\"text-align: justify;\"><span style=\"font-size: 17px;\">B\u00e1r sok v\u00e1s\u00e1rl\u00f3 szeretn\u00e9 megtal\u00e1lni a Hair Gleem-et a hagyom\u00e1nyos gy\u00f3gyszert\u00e1rakban, ez a term\u00e9k nem el\u00e9rhet\u0151 a szok\u00e1sos gy\u00f3gyszert\u00e1ri h\u00e1l\u00f3zatokban. Az \u00e9trend-kieg\u00e9sz\u00edt\u0151t kiz\u00e1r\u00f3lag a <a href=\"https:\/\/gd-price.com\/go\/hair-gleem-hu\/\" target=\"_blank\" rel=\"nofollow noopener noreferrer\">gy\u00e1rt\u00f3 hivatalos weboldal\u00e1n<\/a> lehet megv\u00e1s\u00e1rolni, ami garant\u00e1lja a term\u00e9k hiteless\u00e9g\u00e9t \u00e9s min\u0151s\u00e9g\u00e9t. Az, hogy a hivatalos oldalon v\u00e1s\u00e1rolj\u00e1k meg, biztons\u00e1gos v\u00e1laszt\u00e1s, mivel \u00edgy biztosak lehetnek benne, hogy a term\u00e9k tartalmazza a hat\u00f3anyagokat a megfelel\u0151 d\u00f3zisban, \u00e9s nem hamis\u00edtv\u00e1ny. <strong>Az interneten sz\u00e1mos webhely \u00e9s platform k\u00edn\u00e1l hasonl\u00f3 term\u00e9keket, de min\u0151s\u00e9gi garancia n\u00e9lk\u00fcl, ami eg\u00e9szs\u00e9g\u00fcgyi kock\u00e1zatot jelenthet.<\/strong> <\/span><\/p>\n<p style=\"text-align: justify;\"><span style=\"font-size: 17px;\">A hivatalos oldalon tal\u00e1lhat\u00f3 \u00e1r szint\u00e9n versenyk\u00e9pes, \u00e9s a gy\u00e1rt\u00f3 gyakran k\u00edn\u00e1l akci\u00f3kat \u00e9s kedvezm\u00e9nyeket a h\u0171s\u00e9ges v\u00e1s\u00e1rl\u00f3knak. Annak \u00e9rdek\u00e9ben, hogy elker\u00fclj\u00e9k a hamis\u00edtott vagy k\u00e9tes min\u0151s\u00e9g\u0171 term\u00e9kek v\u00e1s\u00e1rl\u00e1s\u00e1t, azt javasoljuk, hogy ne v\u00e1s\u00e1roljanak m\u00e1shonnan, csak az eredeti forr\u00e1sb\u00f3l.<\/span><\/p>\n<h2><strong>El\u00e9rhet\u0151 a Hair Gleem gy\u00f3gyszert\u00e1rban vagy m\u00e1s platformokon?<\/strong><\/h2>\n<p style=\"text-align: justify;\"><span style=\"font-size: 17px;\"><strong>A Hair Gleem nem el\u00e9rhet\u0151 hagyom\u00e1nyos gy\u00f3gyszert\u00e1rakban \u00e9s sem az \u00e1ltal\u00e1nos online kereskedelmi platformokon, mint p\u00e9ld\u00e1ul az e-kereskedelmi oldalak.<\/strong> A gy\u00e1rt\u00f3 \u00fagy d\u00f6nt\u00f6tt, hogy a term\u00e9ket kiz\u00e1r\u00f3lag a saj\u00e1t <a href=\"https:\/\/gd-price.com\/go\/hair-gleem-hu\/\" target=\"_blank\" rel=\"nofollow noopener noreferrer\">hivatalos weboldal\u00e1n<\/a> kereszt\u00fcl forgalmazza, hogy biztos\u00edtsa, hogy a v\u00e1s\u00e1rl\u00f3k egy eredeti, biztons\u00e1gos \u00e9s hat\u00e9kony term\u00e9ket kapnak. <\/span><\/p>\n<p style=\"text-align: justify;\"><span style=\"font-size: 17px;\">M\u00e1s platformokr\u00f3l vagy k\u00f6zvet\u00edt\u0151kt\u0151l t\u00f6rt\u00e9n\u0151 v\u00e1s\u00e1rl\u00e1s kock\u00e1zatokat rejthet, mivel fenn\u00e1ll a lehet\u0151s\u00e9ge annak, hogy hamis\u00edtott term\u00e9keket kapnak, amelyek hat\u00e1stalanok, vagy ak\u00e1r k\u00e1ros \u00f6sszetev\u0151ket tartalmazhatnak az eg\u00e9szs\u00e9gre. <\/span><\/p>\n<p style=\"text-align: justify;\"><span style=\"font-size: 17px;\">Az eredeti Hair Gleem kieg\u00e9sz\u00edt\u0151 csak a gy\u00e1rt\u00f3 webhely\u00e9n \u00e9rhet\u0151 el, amely lehet\u0151v\u00e9 teszi a k\u00fcl\u00f6nleges aj\u00e1nlatokhoz \u00e9s kedvezm\u00e9nyekhez val\u00f3 hozz\u00e1f\u00e9r\u00e9st is. <strong>Azoknak, akik szeretn\u00e9k elker\u00fclni a kock\u00e1zatokat \u00e9s \u00e9lvezni a term\u00e9k teljes hat\u00e1sait, csak a hivatalos webhelyr\u0151l kell rendelni\u00fck.<\/strong><\/span><\/p>\n<div style=\"margin: 6px; margin-top: 15px; border: 3px dashed #cc0000; padding: 10px; text-align: center; min-height: 190px;\"><a id=\"v_url\" href=\"https:\/\/gd-price.com\/go\/hair-gleem-hu\/\" target=\"_blank\" rel=\"nofollow noopener noreferrer\"><img decoding=\"async\" id=\"v_product_url\" class=\"lazy-loaded\" style=\"float: left; margin: 0px 10px 10px 50px; height: 160px; width: auto;\" src=\"https:\/\/challengingthecrisis.com\/wp-content\/uploads\/2024\/11\/Hair-Gleem1.jpg\" alt=\"Hair Gleem\" data-lazy-type=\"image\" data-src=\"https:\/\/challengingthecrisis.com\/wp-content\/uploads\/2024\/11\/Hair-Gleem1.jpg\" \/><br \/>\n<\/a><\/p>\n<div style=\"padding: 3px; font-size: 13px;\"><span id=\"v_header\">V\u00e1s\u00e1rolja meg most a Hair Gleem-et 50%-os kedvezm\u00e9nnyel!<\/span><\/div>\n<div style=\"margin: 10px; text-align: center;\"><a id=\"v_url\" style=\"font-size: 17px; line-height: 22px; font-weight: bold;\" href=\"https:\/\/gd-price.com\/go\/hair-gleem-hu\/\" target=\"_blank\" rel=\"nofollow noopener noreferrer\"><span id=\"v_call2action\" style=\"color: #000000; background-color: #ffff00;\">Rendelje meg most a Hair Gleem-et<\/span><\/a><\/div>\n<div style=\"margin: 8px; text-align: center;\"><a id=\"v_url\" style=\"font-size: 16px; line-height: 22px; font-weight: bold;\" href=\"https:\/\/gd-price.com\/go\/hair-gleem-hu\/\" target=\"_blank\" rel=\"nofollow noopener noreferrer\"><span id=\"v_call2action2\" style=\"color: #cc0000;\">Garant\u00e1lt 50% kedvezm\u00e9ny<\/span><\/a><\/div>\n<div><span id=\"v_date2\" style=\"font-size: 13px;\">Az aj\u00e1nlat \u00e9rv\u00e9nyes:<\/span> <span id=\"date\" style=\"font-weight: bold;\">28.04.2026 <span id=\"date\">23:59<\/span><\/span><\/div>\n<div><span id=\"v_text\">Figyelem! Az aj\u00e1nlat csak korl\u00e1tozott ideig \u00e9rv\u00e9nyes, mivel a k\u00e9szletek v\u00e9gesek.<\/span><\/div>\n<\/div>\n","protected":false},"excerpt":{"rendered":"<p>Hair Gleem \u2013 Mi ez, \u00e9s hogyan m\u0171k\u00f6dik? Hair Gleem egy n\u00e9pszer\u0171 \u00e9trend-kieg\u00e9sz\u00edt\u0151 azok sz\u00e1m\u00e1ra, akik jav\u00edtani szeretn\u00e9k hajuk eg\u00e9szs\u00e9g\u00e9t&hellip;<\/p>\n","protected":false},"author":3,"featured_media":68386,"comment_status":"open","ping_status":"open","sticky":false,"template":"","format":"standard","meta":{"footnotes":""},"categories":[18],"tags":[],"_links":{"self":[{"href":"https:\/\/challengingthecrisis.com\/hu\/wp-json\/wp\/v2\/posts\/68450"}],"collection":[{"href":"https:\/\/challengingthecrisis.com\/hu\/wp-json\/wp\/v2\/posts"}],"about":[{"href":"https:\/\/challengingthecrisis.com\/hu\/wp-json\/wp\/v2\/types\/post"}],"author":[{"embeddable":true,"href":"https:\/\/challengingthecrisis.com\/hu\/wp-json\/wp\/v2\/users\/3"}],"replies":[{"embeddable":true,"href":"https:\/\/challengingthecrisis.com\/hu\/wp-json\/wp\/v2\/comments?post=68450"}],"version-history":[{"count":2,"href":"https:\/\/challengingthecrisis.com\/hu\/wp-json\/wp\/v2\/posts\/68450\/revisions"}],"predecessor-version":[{"id":68452,"href":"https:\/\/challengingthecrisis.com\/hu\/wp-json\/wp\/v2\/posts\/68450\/revisions\/68452"}],"wp:featuredmedia":[{"embeddable":true,"href":"https:\/\/challengingthecrisis.com\/hu\/wp-json\/wp\/v2\/media\/68386"}],"wp:attachment":[{"href":"https:\/\/challengingthecrisis.com\/hu\/wp-json\/wp\/v2\/media?parent=68450"}],"wp:term":[{"taxonomy":"category","embeddable":true,"href":"https:\/\/challengingthecrisis.com\/hu\/wp-json\/wp\/v2\/categories?post=68450"},{"taxonomy":"post_tag","embeddable":true,"href":"https:\/\/challengingthecrisis.com\/hu\/wp-json\/wp\/v2\/tags?post=68450"}],"curies":[{"name":"wp","href":"https:\/\/api.w.org\/{rel}","templated":true}]}}