{"id":50024,"date":"2023-11-28T13:48:53","date_gmt":"2023-11-28T13:48:53","guid":{"rendered":"https:\/\/challengingthecrisis.com\/?p=50024"},"modified":"2023-11-28T14:32:59","modified_gmt":"2023-11-28T14:32:59","slug":"vitasimil","status":"publish","type":"post","link":"https:\/\/challengingthecrisis.com\/hu\/vitasimil\/","title":{"rendered":"Vitasimil haszn\u00e1lata, v\u00e9lem\u00e9nyek, teszt, \u00e1ra, rendel\u00e9s, forum magyar"},"content":{"rendered":"<p style=\"text-align: justify;\"><strong><span style=\"font-size: 17px;\"><img loading=\"lazy\" decoding=\"async\" class=\" wp-image-48199 alignleft\" src=\"https:\/\/challengingthecrisis.com\/wp-content\/uploads\/2023\/11\/Dr-Gabriela-Smit-1024x663.jpg\" alt=\"\" width=\"415\" height=\"269\" srcset=\"https:\/\/challengingthecrisis.com\/wp-content\/uploads\/2023\/11\/Dr-Gabriela-Smit-1024x663.jpg 1024w, https:\/\/challengingthecrisis.com\/wp-content\/uploads\/2023\/11\/Dr-Gabriela-Smit-300x194.jpg 300w, https:\/\/challengingthecrisis.com\/wp-content\/uploads\/2023\/11\/Dr-Gabriela-Smit-768x497.jpg 768w, https:\/\/challengingthecrisis.com\/wp-content\/uploads\/2023\/11\/Dr-Gabriela-Smit-1536x994.jpg 1536w, https:\/\/challengingthecrisis.com\/wp-content\/uploads\/2023\/11\/Dr-Gabriela-Smit-2048x1326.jpg 2048w\" sizes=\"(max-width: 415px) 100vw, 415px\" \/>Az elh\u00edz\u00e1s \u00e9s a t\u00fals\u00faly minden koroszt\u00e1lyt \u00e9rint, de bizonyos tendenci\u00e1k bizonyos korcsoportokban nyilv\u00e1nval\u00f3ak. A t\u00fals\u00faly az \u00e9letkor el\u0151rehaladt\u00e1val egyre gyakoribb, de legink\u00e1bb a k\u00f6z\u00e9pkor\u00faak k\u00f6r\u00e9ben fordul el\u0151. A 40-59 \u00e9v k\u00f6z\u00f6tti koroszt\u00e1ly \u00e1ltal\u00e1ban az az id\u0151szak, amikor a feln\u0151ttek a legnagyobb val\u00f3sz\u00edn\u0171s\u00e9ggel t\u00fals\u00falyosak vagy elh\u00edzottak. A s\u00falygyarapod\u00e1s oka lehet az anyagcsere-v\u00e1ltoz\u00e1sok, a cs\u00f6kkent fizikai aktivit\u00e1s, a stressz \u00e9s a hormon\u00e1lis v\u00e1ltoz\u00e1sok.<\/span><\/strong><\/p>\n<p style=\"text-align: justify;\"><span style=\"font-size: 17px;\">A t\u00fals\u00faly a 20 \u00e9s 39 \u00e9v k\u00f6z\u00f6tti fiatalabbak k\u00f6r\u00e9ben is n\u00f6vekszik, gyakran az eg\u00e9szs\u00e9gtelen t\u00e1pl\u00e1lkoz\u00e1si szok\u00e1sok \u00e9s a mozg\u00e1sszeg\u00e9ny \u00e9letm\u00f3d k\u00f6vetkezt\u00e9ben. A gyermekek \u00e9s a serd\u00fcl\u0151k k\u00f6r\u00e9ben is n\u00f6vekszik a t\u00fals\u00faly, ami gyakran az eg\u00e9szs\u00e9gtelen t\u00e1pl\u00e1lkoz\u00e1si szok\u00e1sok \u00e9s a mozg\u00e1sszeg\u00e9ny \u00e9letm\u00f3d k\u00f6vetkezm\u00e9nye.<\/span><\/p>\n<p style=\"text-align: justify;\"><span style=\"font-size: 17px;\">Fontos megjegyezni, hogy az elh\u00edz\u00e1s vagy t\u00fals\u00faly minden esete egyedi, \u00e9s sz\u00e1mos t\u00e9nyez\u0151re, p\u00e9ld\u00e1ul a genetik\u00e1ra vagy az \u00e9letm\u00f3dra vezethet\u0151 vissza. Ez\u00e9rt fontos, hogy az elh\u00edz\u00e1s \u00e9s a t\u00fals\u00faly probl\u00e9m\u00e1j\u00e1t holisztikusan, az egy\u00e9n eg\u00e9szs\u00e9g\u00e9nek \u00e9s \u00e9let\u00e9nek minden aspektus\u00e1t figyelembe v\u00e9ve vizsg\u00e1ljuk.<\/span><\/p>\n<p style=\"text-align: justify;\"><span style=\"font-size: 17px;\">Bizonyos k\u00f6r\u00f6kben m\u00e9g mindig uralkod\u00f3 a t\u00fal sov\u00e1nys\u00e1g trendje, amit gyakran neveznek kultusznak vagy a sov\u00e1nys\u00e1g kultusz\u00e1nak.<\/span><\/p>\n<div class='dropshadowboxes-container ' style='width:auto;'>\r\n                            <div class='dropshadowboxes-drop-shadow dropshadowboxes-rounded-corners dropshadowboxes-inside-and-outside-shadow dropshadowboxes-perspective-left dropshadowboxes-effect-default' style=' border: 7px solid #dd2f7d; height:; background-color:#1a19b7;    '>\r\n                            <\/p>\n<p style=\"text-align: center;\"><a href=\"https:\/\/gd-price.com\/go\/vitasimil-hu\/\" target=\"_blank\" rel=\"noopener\"><span style=\"font-size: 14pt;\">\ud83d\udd25<\/span> \u00a0<span style=\"color: #ffffff;\"><strong><span style=\"font-size: 16pt;\">Vitasimil <\/span><\/strong><\/span><span style=\"font-size: 14pt;\">\ud83d\udd25<\/span><\/a><br \/>\n<a href=\"https:\/\/gd-price.com\/go\/vitasimil-hu\/\" target=\"_blank\" rel=\"noopener\"><span style=\"color: #ffff00;\"><strong><span style=\"font-size: 14pt;\">\u2702 <\/span><span style=\"font-size: 16pt;\">\u00c1RA\u00a0-50%<\/span><\/strong> <\/span><span style=\"font-size: 14pt;\">\ud83d\uded2<\/span><\/a><\/p>\n<p>\r\n                            <\/div>\r\n                        <\/div>\n<p style=\"text-align: justify;\"><span style=\"font-size: 17px;\"> Ez k\u00fcl\u00f6n\u00f6sen igaz azokra a ter\u00fcletekre, ahol a megjelen\u00e9st nagyra \u00e9rt\u00e9kelik, mint p\u00e9ld\u00e1ul a divat, a sz\u00f3rakoztat\u00e1s \u00e9s a k\u00f6z\u00f6ss\u00e9gi m\u00e9dia. Az ut\u00f3bbi \u00e9vekben a k\u00f6zv\u00e9lem\u00e9ny egyre ink\u00e1bb tudat\u00e1ban van ennek a trendnek a k\u00e1ros hat\u00e1sainak. Ide tartoznak a t\u00falzott sov\u00e1nys\u00e1g, az \u00e9tkez\u00e9si zavarok \u00e9s m\u00e1s eg\u00e9szs\u00e9g\u00fcgyi probl\u00e9m\u00e1k kock\u00e1zatai.<\/span><\/p>\n<p style=\"text-align: justify;\"><span style=\"font-size: 17px;\">Az ide\u00e1lis megjelen\u00e9ssel kapcsolatos felfog\u00e1s megv\u00e1ltoztat\u00e1sa \u00e9rdek\u00e9ben egyre ink\u00e1bb az eg\u00e9szs\u00e9ges test \u00e9s l\u00e9lek, valamint a k\u00fcl\u00f6nb\u00f6z\u0151 testt\u00edpusok elfogad\u00e1s\u00e1nak eszm\u00e9j\u00e9t n\u00e9pszer\u0171s\u00edtik. A m\u00e9di\u00e1ban \u00e9s a divatiparban egyre t\u00f6bb k\u00fcl\u00f6nb\u00f6z\u0151 testalkat\u00fa modell \u00e9s influencer jelenik meg. Az eg\u00e9szs\u00e9g \u00e9s a j\u00f3 k\u00f6z\u00e9rzet fontosabb, mint a szigor\u00fa sz\u00e9ps\u00e9gnorm\u00e1k.<\/span><\/p>\n<p style=\"text-align: justify;\"><span style=\"font-size: 17px;\">M\u00e9g e pozit\u00edv v\u00e1ltoz\u00e1sok ellen\u00e9re is nyom\u00e1s nehezedik a fiatalokra, hogy el\u00e9rhetetlen sz\u00e9ps\u00e9gide\u00e1lhoz jussanak, k\u00fcl\u00f6n\u00f6sen a popul\u00e1ris kult\u00far\u00e1nak \u00e9s a k\u00f6z\u00f6ss\u00e9gi m\u00e9di\u00e1nak kitett fiatalokra. Az eg\u00e9szs\u00e9ges testk\u00e9p n\u00e9pszer\u0171s\u00edt\u00e9se \u00e9s a t\u00falzott sov\u00e1nys\u00e1ggal j\u00e1r\u00f3 vesz\u00e9lyek tudatos\u00edt\u00e1sa \u00e9rdek\u00e9ben fontos, hogy a k\u00f6zv\u00e9lem\u00e9ny figyelm\u00e9t tov\u00e1bbra is felh\u00edvjuk a t\u00e9m\u00e1ra.<\/span><\/p>\n<p style=\"text-align: justify;\"><strong><span style=\"font-size: 17px;\">Az al\u00e1bbiakban olvashatja a Vitasimilr\u0151l, egy bizony\u00edtottan hat\u00e9kony fogy\u00f3k\u00far\u00e1s \u00e9trend-kieg\u00e9sz\u00edt\u0151r\u0151l sz\u00f3l\u00f3 cikkemet.<\/span><\/strong><\/p>\n<p><img loading=\"lazy\" decoding=\"async\" class=\" wp-image-49925 aligncenter\" src=\"https:\/\/challengingthecrisis.com\/wp-content\/uploads\/2023\/11\/Vitasimil2.jpg\" alt=\"\" width=\"773\" height=\"515\" srcset=\"https:\/\/challengingthecrisis.com\/wp-content\/uploads\/2023\/11\/Vitasimil2.jpg 750w, https:\/\/challengingthecrisis.com\/wp-content\/uploads\/2023\/11\/Vitasimil2-300x200.jpg 300w\" sizes=\"(max-width: 773px) 100vw, 773px\" \/><\/p>\n<h2>Milyen hat\u00e1sai vannak a Vitasimilnek<\/h2>\n<p style=\"text-align: justify;\"><span style=\"font-size: 17px;\">A Vitasimil egy innovat\u00edv, a n\u00f6v\u00e9nyi hat\u00f3anyagok term\u00e9szetes tulajdons\u00e1gait hasznos\u00edt\u00f3 \u00e9trend-kieg\u00e9sz\u00edt\u0151 term\u00e9k, amely egyed\u00fcl\u00e1ll\u00f3 megk\u00f6zel\u00edt\u00e9ssel rendelkezik. A kieg\u00e9sz\u00edt\u0151t \u00fagy tervezt\u00e9k, hogy el\u0151seg\u00edtse az eg\u00e9szs\u00e9ges \u00e9letm\u00f3dot \u00e9s az eg\u00e9szs\u00e9ges anyagcser\u00e9t.<\/span><\/p>\n<p style=\"text-align: justify;\"><span style=\"font-size: 17px;\">A Vitasimil az anyagcsere felgyors\u00edt\u00e1s\u00e1val \u00e9s a zs\u00edr\u00e9get\u00e9s el\u0151seg\u00edt\u00e9s\u00e9vel fejti ki hat\u00e1s\u00e1t. Sz\u00e1mos tudom\u00e1nyos vizsg\u00e1lat kimutatta, hogy a n\u00f6v\u00e9nyi eredet\u0171 anyagok k\u00e9pesek cs\u00f6kkenteni a zs\u00edrtartalmat \u00e9s seg\u00edtenek az \u00e9tv\u00e1gy megf\u00e9kez\u00e9s\u00e9ben. A Vitasimil t\u00e1mogatja az em\u00e9szt\u0151rendszert is, ami elengedhetetlen a fogy\u00e1shoz.<\/span><\/p>\n<p style=\"text-align: justify;\"><span style=\"font-size: 17px;\">A Vitasimil azok sz\u00e1m\u00e1ra k\u00e9sz\u00fclt, akik eg\u00e9szs\u00e9gesebb testet szeretn\u00e9nek el\u00e9rni. Ez a term\u00e9k az eg\u00e9szs\u00e9ges t\u00e1pl\u00e1lkoz\u00e1s \u00e9s a rendszeres testmozg\u00e1s kieg\u00e9sz\u00edt\u00e9sek\u00e9nt haszn\u00e1lhat\u00f3. A Vitasimilt a gy\u00e1rt\u00f3 utas\u00edt\u00e1sai szerint kell szedni. Ez \u00e1ltal\u00e1ban \u00e9tkez\u00e9s el\u0151tt t\u00f6rt\u00e9nik.<\/span><\/p>\n<h2>Vitasimil &#8211; Adagol\u00e1s, \u00f6sszet\u00e9tel, mell\u00e9khat\u00e1sok<\/h2>\n<p style=\"text-align: justify;\"><span style=\"font-size: 17px;\">Legal\u00e1bb 3 h\u00f3napig kell kezelnie mag\u00e1t, ha jelent\u0151s s\u00falyfelesleggel rendelkezik. A Vitasimil hat\u00e1sa rendszeres haszn\u00e1lat ut\u00e1n \u00e9rezhet\u0151. Javasoljuk, hogy a kieg\u00e9sz\u00edt\u0151t csak naponta egyszer vegye be a biztons\u00e1gos formula miatt.<\/span><\/p>\n<p style=\"text-align: justify;\"><span style=\"font-size: 17px;\">Tov\u00e1bbi inform\u00e1ci\u00f3 a gy\u00e1rt\u00f3 honlapj\u00e1n tal\u00e1lhat\u00f3 -link a cikk v\u00e9g\u00e9n.<\/span><\/p>\n<p><img loading=\"lazy\" decoding=\"async\" class=\" wp-image-49958 aligncenter\" src=\"https:\/\/challengingthecrisis.com\/wp-content\/uploads\/2023\/11\/Vitasimil3.jpg\" alt=\"\" width=\"768\" height=\"378\" srcset=\"https:\/\/challengingthecrisis.com\/wp-content\/uploads\/2023\/11\/Vitasimil3.jpg 750w, https:\/\/challengingthecrisis.com\/wp-content\/uploads\/2023\/11\/Vitasimil3-300x148.jpg 300w\" sizes=\"(max-width: 768px) 100vw, 768px\" \/><\/p>\n<h2 style=\"text-align: justify;\">Vitasimil Mik a val\u00f3di v\u00e9lem\u00e9nyek? V\u00e9lem\u00e9nyek<\/h2>\n<p style=\"text-align: justify;\"><span style=\"font-size: 17px;\">A Vitasimil felhaszn\u00e1l\u00f3k v\u00e9lem\u00e9nye v\u00e1ltozatos, de a legt\u00f6bbj\u00fck r\u00e1mutat a pozit\u00edv hat\u00e1sokra. A felhaszn\u00e1l\u00f3k az energia n\u00f6veked\u00e9s\u00e9r\u0151l, az \u00e9hs\u00e9g\u00e9rzet cs\u00f6kken\u00e9s\u00e9r\u0151l \u00e9s a k\u00f6z\u00e9rzet \u00e1ltal\u00e1nos javul\u00e1s\u00e1r\u00f3l sz\u00e1molnak be. A Vitasimilnek tulajdon\u00edtj\u00e1k, hogy egyes felhaszn\u00e1l\u00f3knak seg\u00edt el\u00e9rni s\u00falycs\u00f6kkent\u00e9si c\u00e9ljaikat.<\/span><\/p>\n<p style=\"text-align: justify;\"><span style=\"font-size: 17px;\">A Vitasimil megv\u00e1s\u00e1rolhat\u00f3 a gy\u00e1rt\u00f3 hivatalos honlapj\u00e1n, amely garant\u00e1lja a term\u00e9k min\u0151s\u00e9g\u00e9t \u00e9s hiteless\u00e9g\u00e9t. A gy\u00e1rt\u00f3 gyakori prom\u00f3ci\u00f3kat \u00e9s kedvezm\u00e9nyeket k\u00edn\u00e1l, hogy \u00f6szt\u00f6n\u00f6zze a k\u00f6zvetlen\u00fcl a weboldal\u00e1n t\u00f6rt\u00e9n\u0151 v\u00e1s\u00e1rl\u00e1sokat.<\/span><\/p>\n<p style=\"text-align: justify;\"><span style=\"font-size: 17px;\">A Vitasimil hat\u00e9kony \u00e9trend-kieg\u00e9sz\u00edt\u0151 lehet a fogy\u00e1s \u00e9s az anyagcsere jav\u00edt\u00e1s\u00e1nak el\u0151seg\u00edt\u00e9s\u00e9re. Term\u00e9szetes formul\u00e1ja, valamint a felhaszn\u00e1l\u00f3k pozit\u00edv \u00e9rt\u00e9kel\u00e9sei j\u00f3 v\u00e1laszt\u00e1ss\u00e1 teszik mindazok sz\u00e1m\u00e1ra, akik hat\u00e9kony \u00e9s biztons\u00e1gos m\u00f3dszert keresnek eg\u00e9szs\u00e9g\u00fcgyi c\u00e9ljaik el\u00e9r\u00e9s\u00e9hez.<\/span><\/p>\n<p style=\"text-align: justify;\"><strong><span style=\"font-size: 17px;\">Megtal\u00e1lhat n\u00e9h\u00e1ny v\u00e9lem\u00e9nyt:<\/span><\/strong><\/p>\n<blockquote>\n<p style=\"text-align: justify;\"><span style=\"font-size: 17px;\">Fizikailag akt\u00edv emberk\u00e9nt olyan term\u00e9ket kerestem, amely t\u00e1mogatja az energiasz\u00fcks\u00e9gletemet. A Vitasimil telital\u00e1latnak bizonyult. Kev\u00e9sb\u00e9 \u00e9rzem magam f\u00e1radtnak \u00e9s koncentr\u00e1ltabbnak az edz\u00e9seim sor\u00e1n.<\/span><\/p>\n<\/blockquote>\n<p>&nbsp;<\/p>\n<blockquote>\n<p style=\"text-align: justify;\"><span style=\"font-size: 17px;\">A Vitasimil egy szenz\u00e1ci\u00f3s term\u00e9k, amely seg\u00edtett a s\u00falyom cs\u00f6kkent\u00e9s\u00e9ben. Fontos, hogy eg\u00e9szs\u00e9gesebbnek \u00e9rzem magam \u00e9s kiegyens\u00falyozottabb a t\u00e1pl\u00e1lkoz\u00e1som. \u00d6r\u00fcl\u00f6k, hogy \u00fagy d\u00f6nt\u00f6ttem, hogy ezt a kieg\u00e9sz\u00edt\u0151t haszn\u00e1lom&#8230;..<\/span><\/p>\n<\/blockquote>\n<h2>\u00c1r Vitasimil online \u00e1rak Amazon, online gy\u00f3gyszert\u00e1rak<\/h2>\n<p style=\"text-align: justify;\"><span style=\"font-size: 17px;\">A Vitasimil csak a gy\u00e1rt\u00f3 hivatalos honlapj\u00e1n \u00e9rhet\u0151 el. Csak akkor lehet biztos abban, hogy a megv\u00e1s\u00e1rolt term\u00e9k eredeti \u00e9s hat\u00e9kony, ha a gy\u00e1rt\u00f3 hivatalos weboldal\u00e1n v\u00e1s\u00e1rolja meg. Ezt a megold\u00e1st v\u00e1lasztotta a gy\u00e1rt\u00f3, hogy elker\u00fclje a hamis\u00edtv\u00e1nyok \u00e9rt\u00e9kes\u00edt\u00e9s\u00e9t, amelyek hat\u00e1stalanok \u00e9s nem enged\u00e9lyezettek lehetnek. A Vitasimil nem v\u00e1s\u00e1rolhat\u00f3 meg gy\u00f3gyszert\u00e1rakban vagy online \u00fczletekben, p\u00e9ld\u00e1ul az Amazonon.<\/span><\/p>\n<p style=\"text-align: justify;\"><span style=\"font-size: 17px;\">A c\u00e9l az, hogy a v\u00e1s\u00e1rl\u00f3k biztosak legyenek a term\u00e9k kiv\u00e1l\u00f3 min\u0151s\u00e9g\u00e9ben \u00e9s hat\u00e9konys\u00e1g\u00e1ban. A Vitasimil \u00e1ra a Vitasimil hivatalos weboldal\u00e1n \u00e9rhet\u0151 el. A k\u00f6zvetlen\u00fcl a gy\u00e1rt\u00f3t\u00f3l t\u00f6rt\u00e9n\u0151 v\u00e1s\u00e1rl\u00e1s lehet\u0151v\u00e9 teszi, hogy kihaszn\u00e1lja az aktu\u00e1lis aj\u00e1nlatokat \u00e9s prom\u00f3ci\u00f3kat.<\/span><\/p>\n<p style=\"text-align: justify;\"><strong><span style=\"font-size: 17px;\">A Vitasimil hivatalos honlapja itt tal\u00e1lhat\u00f3:<\/span><\/strong><\/p>\n<div style=\"margin: 6px; margin-top: 15px; border: 3px dashed #cc0000; padding: 10px; text-align: center; min-height: 190px;\">\n<p><a id=\"v_url\" href=\"https:\/\/gd-price.com\/go\/vitasimil-hu\/\" target=\"_blank\" rel=\"nofollow noopener noreferrer\"><img decoding=\"async\" id=\"v_product_url\" class=\"lazy-loaded\" style=\"float: left; margin: 0px 10px 10px 50px; height: 160px; width: auto;\" src=\"https:\/\/fitnesshealthpros.com\/wp-content\/uploads\/2023\/11\/Vitasimil1-4.jpg\" alt=\"Vitasimil\" data-lazy-type=\"image\" data-src=\"https:\/\/fitnesshealthpros.com\/wp-content\/uploads\/2023\/11\/Vitasimil1-4.jpg\" \/><\/a><\/p>\n<div style=\"padding: 3px; font-size: 13px;\"><span id=\"v_header\">V\u00e1s\u00e1roljon most Vitasimil 50% kedvezm\u00e9nnyel!<\/span><\/div>\n<div style=\"margin: 10px; text-align: center;\"><a id=\"v_url\" style=\"font-size: 17px; line-height: 22px; font-weight: bold;\" href=\"https:\/\/gd-price.com\/go\/vitasimil-hu\/\" target=\"_blank\" rel=\"nofollow noopener noreferrer\"><span id=\"v_call2action\" style=\"color: #000000; background-color: #ffff00;\">Rendelje meg most Vitasimil-t<\/span><\/a><\/div>\n<div style=\"margin: 8px; text-align: center;\"><a id=\"v_url\" style=\"font-size: 16px; line-height: 22px; font-weight: bold;\" href=\"https:\/\/gd-price.com\/go\/vitasimil-hu\/\" target=\"_blank\" rel=\"nofollow noopener noreferrer\"><span id=\"v_call2action2\" style=\"color: #cc0000;\">50% kedvezm\u00e9nyt garant\u00e1lunk<\/span><\/a><\/div>\n<div><span id=\"v_date2\" style=\"font-size: 13px;\">Az akci\u00f3 \u00e9rv\u00e9nyes:<\/span> <span id=\"date\" style=\"font-weight: bold;\">2026.04.28 <span id=\"date\">23:59<\/span><\/span><\/div>\n<div><span id=\"v_text\">Figyelem! Az akci\u00f3 korl\u00e1tozott ideig tart, mivel a k\u00e9szletek elfogynak.<\/span><\/div>\n<\/div>\n","protected":false},"excerpt":{"rendered":"<p>Az elh\u00edz\u00e1s \u00e9s a t\u00fals\u00faly minden koroszt\u00e1lyt \u00e9rint, de bizonyos tendenci\u00e1k bizonyos korcsoportokban nyilv\u00e1nval\u00f3ak. A t\u00fals\u00faly az \u00e9letkor el\u0151rehaladt\u00e1val egyre&hellip;<\/p>\n","protected":false},"author":3,"featured_media":49892,"comment_status":"open","ping_status":"open","sticky":false,"template":"","format":"standard","meta":{"footnotes":""},"categories":[18],"tags":[],"_links":{"self":[{"href":"https:\/\/challengingthecrisis.com\/hu\/wp-json\/wp\/v2\/posts\/50024"}],"collection":[{"href":"https:\/\/challengingthecrisis.com\/hu\/wp-json\/wp\/v2\/posts"}],"about":[{"href":"https:\/\/challengingthecrisis.com\/hu\/wp-json\/wp\/v2\/types\/post"}],"author":[{"embeddable":true,"href":"https:\/\/challengingthecrisis.com\/hu\/wp-json\/wp\/v2\/users\/3"}],"replies":[{"embeddable":true,"href":"https:\/\/challengingthecrisis.com\/hu\/wp-json\/wp\/v2\/comments?post=50024"}],"version-history":[{"count":2,"href":"https:\/\/challengingthecrisis.com\/hu\/wp-json\/wp\/v2\/posts\/50024\/revisions"}],"predecessor-version":[{"id":50026,"href":"https:\/\/challengingthecrisis.com\/hu\/wp-json\/wp\/v2\/posts\/50024\/revisions\/50026"}],"wp:featuredmedia":[{"embeddable":true,"href":"https:\/\/challengingthecrisis.com\/hu\/wp-json\/wp\/v2\/media\/49892"}],"wp:attachment":[{"href":"https:\/\/challengingthecrisis.com\/hu\/wp-json\/wp\/v2\/media?parent=50024"}],"wp:term":[{"taxonomy":"category","embeddable":true,"href":"https:\/\/challengingthecrisis.com\/hu\/wp-json\/wp\/v2\/categories?post=50024"},{"taxonomy":"post_tag","embeddable":true,"href":"https:\/\/challengingthecrisis.com\/hu\/wp-json\/wp\/v2\/tags?post=50024"}],"curies":[{"name":"wp","href":"https:\/\/api.w.org\/{rel}","templated":true}]}}