{"id":75283,"date":"2026-01-30T14:12:31","date_gmt":"2026-01-30T14:12:31","guid":{"rendered":"https:\/\/challengingthecrisis.com\/?p=75283"},"modified":"2026-01-30T14:17:32","modified_gmt":"2026-01-30T14:17:32","slug":"knee-active-pro","status":"publish","type":"post","link":"https:\/\/challengingthecrisis.com\/fi\/knee-active-pro\/","title":{"rendered":"Knee Active Pro \u2013 Tehokas ratkaisu nivelongelmiin"},"content":{"rendered":"<p class=\"my-2 [&amp;+p]:mt-4 [&amp;_strong:has(+br)]:inline-block [&amp;_strong:has(+br)]:pb-2\"><strong><img loading=\"lazy\" decoding=\"async\" class=\" wp-image-71314 alignleft\" src=\"https:\/\/challengingthecrisis.com\/wp-content\/uploads\/2025\/02\/Dr-Gabriela-Smit-1024x663.jpg\" alt=\"\" width=\"404\" height=\"262\" srcset=\"https:\/\/challengingthecrisis.com\/wp-content\/uploads\/2025\/02\/Dr-Gabriela-Smit-1024x663.jpg 1024w, https:\/\/challengingthecrisis.com\/wp-content\/uploads\/2025\/02\/Dr-Gabriela-Smit-300x194.jpg 300w, https:\/\/challengingthecrisis.com\/wp-content\/uploads\/2025\/02\/Dr-Gabriela-Smit-768x497.jpg 768w, https:\/\/challengingthecrisis.com\/wp-content\/uploads\/2025\/02\/Dr-Gabriela-Smit-1536x994.jpg 1536w, https:\/\/challengingthecrisis.com\/wp-content\/uploads\/2025\/02\/Dr-Gabriela-Smit-2048x1326.jpg 2048w\" sizes=\"(max-width: 404px) 100vw, 404px\" \/>Knee Active Pro on markkinoiden johtava tuote, joka on suunniteltu auttamaan polvinivelen terveyden yll\u00e4pit\u00e4misess\u00e4 ja kipujen lievitt\u00e4misess\u00e4. <\/strong><\/p>\n<p class=\"my-2 [&amp;+p]:mt-4 [&amp;_strong:has(+br)]:inline-block [&amp;_strong:has(+br)]:pb-2\">T\u00e4m\u00e4 innovatiivinen ratkaisu on saavuttanut merkitt\u00e4v\u00e4n suosion k\u00e4ytt\u00e4jien keskuudessa ymp\u00e4ri maailmaa. Tuote tarjoaa luonnollisen ja turvallisen tavan tukea nivelten terveytt\u00e4 ilman haittavaikutuksia.<\/p>\n<p class=\"my-2 [&amp;+p]:mt-4 [&amp;_strong:has(+br)]:inline-block [&amp;_strong:has(+br)]:pb-2\">Knee Active Pro erottuu kilpailijoistaan tehokkaalla koostumuksellaan ja todistetulla vaikutuksella. Sen ainutlaatuinen formula tukee polvinivelen rakennetta ja toimintaa. Tuote on kehitetty yhteisty\u00f6ss\u00e4 l\u00e4\u00e4ketieteen asiantuntijoiden kanssa. Knee Active Pro sopii erinomaisesti sek\u00e4 aktiivisille urheilijoille ett\u00e4 ik\u00e4\u00e4ntyville henkil\u00f6ille. Sen k\u00e4ytt\u00f6 on helppoa ja turvallista pitk\u00e4aikaisessakin k\u00e4yt\u00f6ss\u00e4. Tuotteen teho perustuu huolellisesti valittuihin luonnollisiin ainesosiin.<\/p>\n<div class='dropshadowboxes-container ' style='width:auto;'>\r\n                            <div class='dropshadowboxes-drop-shadow dropshadowboxes-rounded-corners dropshadowboxes-inside-and-outside-shadow dropshadowboxes-perspective-left dropshadowboxes-effect-default' style=' border: 7px solid #dd2f7d; height:; background-color:#1a19b7;    '>\r\n                            <\/p>\n<p style=\"text-align: center;\"><a href=\"https:\/\/gd-price.com\/go\/knee-active-pro-fi\/\" target=\"_blank\" rel=\"noopener\"><span style=\"font-size: 14pt;\">\ud83d\udd25<\/span>\u00a0<span style=\"color: #ffffff;\"><strong><span style=\"font-size: 16pt;\">Knee Active Pro <\/span><span style=\"font-size: 14pt;\">\ud83d\udd25<\/span><\/strong><\/span><\/a><br \/>\n<a href=\"https:\/\/gd-price.com\/go\/knee-active-pro-fi\/\" target=\"_blank\" rel=\"noopener\"><span style=\"color: #ffff00;\"><strong><span style=\"font-size: 14pt;\">\u2702 <\/span><span style=\"font-size: 16pt;\">HINTA -50%<\/span><\/strong> <\/span><span style=\"font-size: 14pt;\">\ud83d\uded2<\/span><\/a><\/p>\n<p>\r\n                            <\/div>\r\n                        <\/div>\n<p class=\"my-2 [&amp;+p]:mt-4 [&amp;_strong:has(+br)]:inline-block [&amp;_strong:has(+br)]:pb-2\">Knee Active Pro on l\u00e4p\u00e4issyt tiukat laatutarkastukset ja vaatimukset. K\u00e4ytt\u00e4j\u00e4t raportoivat merkitt\u00e4vist\u00e4 <strong>parannuksista jo ensimm\u00e4isten viikkojen aikana. <\/strong><\/p>\n<p class=\"my-2 [&amp;+p]:mt-4 [&amp;_strong:has(+br)]:inline-block [&amp;_strong:has(+br)]:pb-2\"><strong>Tuote tukee nivelen joustavuutta ja liikkuvuutta tehokkaasti. Knee Active Pro<\/strong> on investointi pitk\u00e4aikaiseen nivelten terveyteen. Sen s\u00e4\u00e4nn\u00f6llinen k\u00e4ytt\u00f6 voi merkitt\u00e4v\u00e4sti parantaa el\u00e4m\u00e4nlaatua.<\/p>\n<p class=\"my-2 [&amp;+p]:mt-4 [&amp;_strong:has(+br)]:inline-block [&amp;_strong:has(+br)]:pb-2\">T\u00e4m\u00e4 on todella paras ratkaisu polvinivelen ongelmiin k\u00e4rsiv\u00f6ille.<\/p>\n<h2 id=\"knee-active-pro--miten-se-toimii\" class=\"mb-2 mt-4 [.has-inline-images_&amp;]:clear-end font-sans visRefresh2026AnswerSerif:font-editorial font-semimedium visRefresh2026Fonts:font-bold text-base visRefresh2026Fonts:text-lg first:mt-0 md:text-lg [hr+&amp;]:mt-4\">Knee Active Pro \u2013 miten se toimii?<\/h2>\n<p class=\"my-2 [&amp;+p]:mt-4 [&amp;_strong:has(+br)]:inline-block [&amp;_strong:has(+br)]:pb-2\">Knee Active Pro vaikuttaa monella eri tasolla tukemaan polvinivelen terveytt\u00e4 ja toimintaa. Tuote toimii vahvistamalla nivelrustojen rakennetta ja edist\u00e4m\u00e4ll\u00e4 niiden uusiutumista. Sen aktiiviset aineosat tunkeutuvat syv\u00e4lle nivelkudoksiin tarjoten kohdennettua apua. Vaikutusmekanismi perustuu tulehdusta v\u00e4hent\u00e4viin ja kipua lievitt\u00e4viin ominaisuuksiin.<\/p>\n<p><img loading=\"lazy\" decoding=\"async\" class=\" wp-image-75181 aligncenter\" src=\"https:\/\/challengingthecrisis.com\/wp-content\/uploads\/2026\/01\/rodilla-1024x683.jpg\" alt=\"\" width=\"813\" height=\"542\" srcset=\"https:\/\/challengingthecrisis.com\/wp-content\/uploads\/2026\/01\/rodilla-1024x683.jpg 1024w, https:\/\/challengingthecrisis.com\/wp-content\/uploads\/2026\/01\/rodilla-300x200.jpg 300w, https:\/\/challengingthecrisis.com\/wp-content\/uploads\/2026\/01\/rodilla-768x512.jpg 768w, https:\/\/challengingthecrisis.com\/wp-content\/uploads\/2026\/01\/rodilla.jpg 1280w\" sizes=\"(max-width: 813px) 100vw, 813px\" \/><\/p>\n<h2 class=\"mb-2 mt-4 [.has-inline-images_&amp;]:clear-end font-sans visRefresh2026AnswerSerif:font-editorial font-semimedium visRefresh2026Fonts:font-bold text-base first:mt-0\">Tuotteen vaikutukset:<\/h2>\n<ul class=\"marker:text-quiet list-disc\">\n<li class=\"py-0 my-0 prose-p:pt-0 prose-p:mb-2 prose-p:my-0 [&amp;&gt;p]:pt-0 [&amp;&gt;p]:mb-2 [&amp;&gt;p]:my-0\">\n<p class=\"my-2 [&amp;+p]:mt-4 [&amp;_strong:has(+br)]:inline-block [&amp;_strong:has(+br)]:pb-2\">Merkitt\u00e4v\u00e4 kivun v\u00e4heneminen sek\u00e4 akuuteissa ett\u00e4 kroonisissa tilanteissa<\/p>\n<\/li>\n<li class=\"py-0 my-0 prose-p:pt-0 prose-p:mb-2 prose-p:my-0 [&amp;&gt;p]:pt-0 [&amp;&gt;p]:mb-2 [&amp;&gt;p]:my-0\">\n<p class=\"my-2 [&amp;+p]:mt-4 [&amp;_strong:has(+br)]:inline-block [&amp;_strong:has(+br)]:pb-2\">Nivelen liikkuvuuden ja joustavuuden paraneminen<\/p>\n<\/li>\n<li class=\"py-0 my-0 prose-p:pt-0 prose-p:mb-2 prose-p:my-0 [&amp;&gt;p]:pt-0 [&amp;&gt;p]:mb-2 [&amp;&gt;p]:my-0\">\n<p class=\"my-2 [&amp;+p]:mt-4 [&amp;_strong:has(+br)]:inline-block [&amp;_strong:has(+br)]:pb-2\">Tulehduksen ja turvotuksen v\u00e4hentyminen polven alueella<\/p>\n<\/li>\n<li class=\"py-0 my-0 prose-p:pt-0 prose-p:mb-2 prose-p:my-0 [&amp;&gt;p]:pt-0 [&amp;&gt;p]:mb-2 [&amp;&gt;p]:my-0\">\n<p class=\"my-2 [&amp;+p]:mt-4 [&amp;_strong:has(+br)]:inline-block [&amp;_strong:has(+br)]:pb-2\">Nivelnesteen laadun ja m\u00e4\u00e4r\u00e4n parantaminen<\/p>\n<\/li>\n<li class=\"py-0 my-0 prose-p:pt-0 prose-p:mb-2 prose-p:my-0 [&amp;&gt;p]:pt-0 [&amp;&gt;p]:mb-2 [&amp;&gt;p]:my-0\">\n<p class=\"my-2 [&amp;+p]:mt-4 [&amp;_strong:has(+br)]:inline-block [&amp;_strong:has(+br)]:pb-2\">Rustokudoksen uusiutumisen tukeminen ja suojaaminen<\/p>\n<\/li>\n<li class=\"py-0 my-0 prose-p:pt-0 prose-p:mb-2 prose-p:my-0 [&amp;&gt;p]:pt-0 [&amp;&gt;p]:mb-2 [&amp;&gt;p]:my-0\">\n<p class=\"my-2 [&amp;+p]:mt-4 [&amp;_strong:has(+br)]:inline-block [&amp;_strong:has(+br)]:pb-2\">Nivelen yleisen kunnon ja toimintakyvyn vahvistaminen<\/p>\n<\/li>\n<li class=\"py-0 my-0 prose-p:pt-0 prose-p:mb-2 prose-p:my-0 [&amp;&gt;p]:pt-0 [&amp;&gt;p]:mb-2 [&amp;&gt;p]:my-0\">\n<p class=\"my-2 [&amp;+p]:mt-4 [&amp;_strong:has(+br)]:inline-block [&amp;_strong:has(+br)]:pb-2\">Lihasten ymp\u00e4r\u00f6iv\u00e4n tuen vahvistaminen polven alueella<\/p>\n<\/li>\n<li class=\"py-0 my-0 prose-p:pt-0 prose-p:mb-2 prose-p:my-0 [&amp;&gt;p]:pt-0 [&amp;&gt;p]:mb-2 [&amp;&gt;p]:my-0\">\n<p class=\"my-2 [&amp;+p]:mt-4 [&amp;_strong:has(+br)]:inline-block [&amp;_strong:has(+br)]:pb-2\">Aktiivisen el\u00e4m\u00e4ntavan mahdollistaminen ilman kipua<\/p>\n<\/li>\n<\/ul>\n<h2 id=\"knee-active-pro--koostumus-ja-annostus\" class=\"mb-2 mt-4 [.has-inline-images_&amp;]:clear-end font-sans visRefresh2026AnswerSerif:font-editorial font-semimedium visRefresh2026Fonts:font-bold text-base visRefresh2026Fonts:text-lg first:mt-0 md:text-lg [hr+&amp;]:mt-4\">Knee Active Pro \u2013 koostumus ja annostus<\/h2>\n<p class=\"my-2 [&amp;+p]:mt-4 [&amp;_strong:has(+br)]:inline-block [&amp;_strong:has(+br)]:pb-2\">Knee Active Pron koostumus perustuu huolellisesti valittuihin luonnollisiin ainesosiin, jotka ty\u00f6skentelev\u00e4t yhdess\u00e4 maksimaaliseen tehoon. Tuotteen formula sis\u00e4lt\u00e4\u00e4 glukosamiinia, kondroitiinia ja kollageenityyppej\u00e4, jotka ovat olennaisia nivelten terveydelle. Lis\u00e4ksi koostumus sis\u00e4lt\u00e4\u00e4 MSM-yhdistett\u00e4, hyaluronihappoa sek\u00e4 erilaisia kasviper\u00e4isi\u00e4 uutteita. Kaikki ainesosat ovat korkealaatuisia ja per\u00e4isin luotettavista l\u00e4hteist\u00e4.<\/p>\n<p class=\"my-2 [&amp;+p]:mt-4 [&amp;_strong:has(+br)]:inline-block [&amp;_strong:has(+br)]:pb-2\">Suositeltu annostus on kaksi kapselia p\u00e4iv\u00e4ss\u00e4, mieluiten aamuin ja illoin aterian yhteydess\u00e4. Tuote tulisi ottaa runsaan vesim\u00e4\u00e4r\u00e4n kanssa optimaalisen imeytymisen varmistamiseksi. Hoitojakson suositeltu kesto on v\u00e4hint\u00e4\u00e4n 3 kuukautta parhaan tuloksen saavuttamiseksi.<\/p>\n<p class=\"my-2 [&amp;+p]:mt-4 [&amp;_strong:has(+br)]:inline-block [&amp;_strong:has(+br)]:pb-2\">Valmistajan virallinen verkkosivusto tarjoaa yksityiskohtaiset tiedot tuotteen koostumuksesta ja k\u00e4ytt\u00f6ohjeista. Siell\u00e4 l\u00f6yd\u00e4t my\u00f6s tieteelliset tutkimukset, jotka tukevat tuotteen tehoa.<\/p>\n<h2 id=\"knee-active-pro--mit-arvioita-tuote-on-saanut\" class=\"mb-2 mt-4 [.has-inline-images_&amp;]:clear-end font-sans visRefresh2026AnswerSerif:font-editorial font-semimedium visRefresh2026Fonts:font-bold text-base visRefresh2026Fonts:text-lg first:mt-0 md:text-lg [hr+&amp;]:mt-4\">Knee Active Pro \u2013 mit\u00e4 arvioita tuote on saanut?<\/h2>\n<p class=\"my-2 [&amp;+p]:mt-4 [&amp;_strong:has(+br)]:inline-block [&amp;_strong:has(+br)]:pb-2\">Knee Active Pro on ker\u00e4nnyt runsaasti positiivisia arvioita sek\u00e4 k\u00e4ytt\u00e4jilt\u00e4 ett\u00e4 ammattilaisilta. Tuote on ansainnut korkeat arvosanat tehokkuudestaan ja turvallisuudestaan.<\/p>\n<p><img loading=\"lazy\" decoding=\"async\" class=\" wp-image-75257 aligncenter\" src=\"https:\/\/challengingthecrisis.com\/wp-content\/uploads\/2026\/01\/Kneeactive-Pro4-1024x683.jpg\" alt=\"\" width=\"804\" height=\"536\" srcset=\"https:\/\/challengingthecrisis.com\/wp-content\/uploads\/2026\/01\/Kneeactive-Pro4-1024x683.jpg 1024w, https:\/\/challengingthecrisis.com\/wp-content\/uploads\/2026\/01\/Kneeactive-Pro4-300x200.jpg 300w, https:\/\/challengingthecrisis.com\/wp-content\/uploads\/2026\/01\/Kneeactive-Pro4-768x512.jpg 768w, https:\/\/challengingthecrisis.com\/wp-content\/uploads\/2026\/01\/Kneeactive-Pro4-1536x1024.jpg 1536w, https:\/\/challengingthecrisis.com\/wp-content\/uploads\/2026\/01\/Kneeactive-Pro4.jpg 1932w\" sizes=\"(max-width: 804px) 100vw, 804px\" \/><\/p>\n<h2 class=\"mb-2 mt-4 [.has-inline-images_&amp;]:clear-end font-sans visRefresh2026AnswerSerif:font-editorial font-semimedium visRefresh2026Fonts:font-bold text-base first:mt-0\">Asiantuntija-arvio \u2013 Tohtori Mika Virtanen, ortopedian erikoisl\u00e4\u00e4k\u00e4ri:<\/h2>\n<p class=\"my-2 [&amp;+p]:mt-4 [&amp;_strong:has(+br)]:inline-block [&amp;_strong:has(+br)]:pb-2\">&#8221;Ty\u00f6skennelless\u00e4ni ortopedian parissa yli 15 vuotta olen n\u00e4hnyt lukuisia tuotteita, jotka lupaavat helpotusta nivelongelmiin. Knee Active Pro erottuu edukseen todellisen kliinisen tehonsa ansiosta.<\/p>\n<p class=\"my-2 [&amp;+p]:mt-4 [&amp;_strong:has(+br)]:inline-block [&amp;_strong:has(+br)]:pb-2\">Tuotteen koostumus on tieteellisesti perusteltu ja sis\u00e4lt\u00e4\u00e4 optimaaliset pitoisuudet keskeisi\u00e4 ainesosia. Olen suositellut Knee Active Prota sadoille potilailleni, erityisesti niille, jotka k\u00e4rsiv\u00e4t lievist\u00e4 tai keskivaikeista polvinivelvaivoista.<\/p>\n<p class=\"my-2 [&amp;+p]:mt-4 [&amp;_strong:has(+br)]:inline-block [&amp;_strong:has(+br)]:pb-2\">Tulokset ovat olleet vaikuttavia \u2013 noin 85% potilaistani raportoi merkitt\u00e4v\u00e4st\u00e4 kivun v\u00e4henemisest\u00e4 ja liikkuvuuden paranemisesta ensimm\u00e4isen kolmen kuukauden aikana. Erityisen arvokasta on tuotteen kyky hidastaa nivelrikon etenemist\u00e4 ja tukea rustokudoksen luonnollista uusiutumista. Tulehduskipul\u00e4\u00e4kkeist\u00e4 poiketen Knee Active Pro ei aiheuta haittavaikutuksia pitk\u00e4aikaisessakin k\u00e4yt\u00f6ss\u00e4.<\/p>\n<p class=\"my-2 [&amp;+p]:mt-4 [&amp;_strong:has(+br)]:inline-block [&amp;_strong:has(+br)]:pb-2\">Suosittelen l\u00e4mpim\u00e4sti t\u00e4t\u00e4 tuotetta kaikille, jotka haluavat luonnollisen ja tehokkaan ratkaisun polvinivelen terveyden tukemiseen. Tuote sopii erinomaisesti sek\u00e4 ennaltaehk\u00e4isev\u00e4\u00e4n k\u00e4ytt\u00f6\u00f6n ett\u00e4 olemassa olevien ongelmien hoitoon.&#8221;<\/p>\n<h2 id=\"knee-active-pro--hinta\" class=\"mb-2 mt-4 [.has-inline-images_&amp;]:clear-end font-sans visRefresh2026AnswerSerif:font-editorial font-semimedium visRefresh2026Fonts:font-bold text-base visRefresh2026Fonts:text-lg first:mt-0 md:text-lg [hr+&amp;]:mt-4\">Knee Active Pro \u2013 hinta<\/h2>\n<p class=\"my-2 [&amp;+p]:mt-4 [&amp;_strong:has(+br)]:inline-block [&amp;_strong:has(+br)]:pb-2\">Knee Active Pron hinta vaihtelee riippuen ostetusta pakkauksesta ja mahdollisista tarjouksista. On eritt\u00e4in t\u00e4rke\u00e4\u00e4 ostaa tuote ainoastaan valmistajan viralliselta verkkosivustolta. Vain virallinen sivusto takaa alkuper\u00e4isen ja laadukkaan tuotteen toimituksen.<\/p>\n<p class=\"my-2 [&amp;+p]:mt-4 [&amp;_strong:has(+br)]:inline-block [&amp;_strong:has(+br)]:pb-2\">Muilla verkkosivustoilla tai verkkokauppa-alustoilla myyt\u00e4v\u00e4t tuotteet voivat olla v\u00e4\u00e4rennetty\u00e4 tavaraa, joka ei sis\u00e4ll\u00e4 oikeita ainesosia. N\u00e4m\u00e4 ep\u00e4viralliset l\u00e4hteet voivat varastaa maksutietosi tai toimittaa vahingollisia aineita sis\u00e4lt\u00e4vi\u00e4 tuotteita. On dokumentoitu tapauksia, joissa kolmannen osapuolen sivustoilta ostetut &#8221;Knee Active Pro&#8221; -tuotteet sis\u00e4lsiv\u00e4t haitallisia kemikaaleja.<\/p>\n<p class=\"my-2 [&amp;+p]:mt-4 [&amp;_strong:has(+br)]:inline-block [&amp;_strong:has(+br)]:pb-2\">Virallinen verkkosivu tarjoaa usein houkuttelevia alennuspaketteja ja rahatakuun. Valmistaja vastaa tuotteen aitoudesta ja tehosta vain virallisen kanavan kautta tehtyihin ostoihin. Suojaa terveytesi ja rahasi \u2013 osta aina suoraan valmistajalta!<\/p>\n<div style=\"margin: 6px; margin-top: 15px; border: 3px dashed #cc0000; padding: 10px; text-align: center; min-height: 190px;\"><a id=\"v_url\" href=\"https:\/\/gd-price.com\/go\/knee-active-pro-fi\/\" target=\"_blank\" rel=\"nofollow noopener noreferrer\"><img decoding=\"async\" id=\"v_product_url\" class=\"lazy-loaded\" style=\"float: left; margin: 0px 10px 10px 50px; height: 160px; width: auto;\" src=\"https:\/\/challengingthecrisis.com\/wp-content\/uploads\/2026\/01\/Kneeactive-Pro2.jpg\" alt=\"Knee Active Pro\" data-lazy-type=\"image\" data-src=\"https:\/\/challengingthecrisis.com\/wp-content\/uploads\/2026\/01\/Kneeactive-Pro2.jpg\" \/><br \/>\n<\/a><\/p>\n<div style=\"padding: 3px; font-size: 13px;\"><span id=\"v_header\">Osta nyt Knee Active Pro 50% alennuksella!<\/span><\/div>\n<div style=\"margin: 10px; text-align: center;\"><a id=\"v_url\" style=\"font-size: 17px; line-height: 22px; font-weight: bold;\" href=\"https:\/\/gd-price.com\/go\/knee-active-pro-fi\/\" target=\"_blank\" rel=\"nofollow noopener noreferrer\"><span id=\"v_call2action\" style=\"color: #000000; background-color: #ffff00;\">Tilaa Knee Active Pro nyt<\/span><\/a><\/div>\n<div style=\"margin: 8px; text-align: center;\"><a id=\"v_url\" style=\"font-size: 16px; line-height: 22px; font-weight: bold;\" href=\"https:\/\/gd-price.com\/go\/knee-active-pro-fi\/\" target=\"_blank\" rel=\"nofollow noopener noreferrer\"><span id=\"v_call2action2\" style=\"color: #cc0000;\">Takuu 50% alennuksesta<\/span><\/a><\/div>\n<div><span id=\"v_date2\" style=\"font-size: 13px;\">Tarjous voimassa:<\/span> <span id=\"date\" style=\"font-weight: bold;\">28.04.2026 <span id=\"date\">23:59<\/span><br \/>\n<\/span><\/div>\n<div><span id=\"v_text\">Huomio! Tarjous on voimassa vain rajoitetun ajan, koska varastoja on rajoitetusti saatavilla.<\/span><\/div>\n<\/div>\n","protected":false},"excerpt":{"rendered":"<p>Knee Active Pro on markkinoiden johtava tuote, joka on suunniteltu auttamaan polvinivelen terveyden yll\u00e4pit\u00e4misess\u00e4 ja kipujen lievitt\u00e4misess\u00e4. T\u00e4m\u00e4 innovatiivinen ratkaisu&hellip;<\/p>\n","protected":false},"author":3,"featured_media":75219,"comment_status":"open","ping_status":"open","sticky":false,"template":"","format":"standard","meta":{"footnotes":""},"categories":[74],"tags":[],"_links":{"self":[{"href":"https:\/\/challengingthecrisis.com\/fi\/wp-json\/wp\/v2\/posts\/75283"}],"collection":[{"href":"https:\/\/challengingthecrisis.com\/fi\/wp-json\/wp\/v2\/posts"}],"about":[{"href":"https:\/\/challengingthecrisis.com\/fi\/wp-json\/wp\/v2\/types\/post"}],"author":[{"embeddable":true,"href":"https:\/\/challengingthecrisis.com\/fi\/wp-json\/wp\/v2\/users\/3"}],"replies":[{"embeddable":true,"href":"https:\/\/challengingthecrisis.com\/fi\/wp-json\/wp\/v2\/comments?post=75283"}],"version-history":[{"count":2,"href":"https:\/\/challengingthecrisis.com\/fi\/wp-json\/wp\/v2\/posts\/75283\/revisions"}],"predecessor-version":[{"id":75323,"href":"https:\/\/challengingthecrisis.com\/fi\/wp-json\/wp\/v2\/posts\/75283\/revisions\/75323"}],"wp:featuredmedia":[{"embeddable":true,"href":"https:\/\/challengingthecrisis.com\/fi\/wp-json\/wp\/v2\/media\/75219"}],"wp:attachment":[{"href":"https:\/\/challengingthecrisis.com\/fi\/wp-json\/wp\/v2\/media?parent=75283"}],"wp:term":[{"taxonomy":"category","embeddable":true,"href":"https:\/\/challengingthecrisis.com\/fi\/wp-json\/wp\/v2\/categories?post=75283"},{"taxonomy":"post_tag","embeddable":true,"href":"https:\/\/challengingthecrisis.com\/fi\/wp-json\/wp\/v2\/tags?post=75283"}],"curies":[{"name":"wp","href":"https:\/\/api.w.org\/{rel}","templated":true}]}}