{"id":76383,"date":"2026-01-30T11:25:02","date_gmt":"2026-01-30T11:25:02","guid":{"rendered":"https:\/\/challengingthecrisis.com\/?p=76383"},"modified":"2026-02-17T12:26:30","modified_gmt":"2026-02-17T12:26:30","slug":"uro-up-forte","status":"publish","type":"post","link":"https:\/\/challengingthecrisis.com\/cs\/uro-up-forte\/","title":{"rendered":"Uro UP Forte produkt recenze"},"content":{"rendered":"<p style=\"text-align: justify;\"><span style=\"font-size: 17px;\"><strong><img loading=\"lazy\" decoding=\"async\" class=\" wp-image-71308 alignleft\" src=\"https:\/\/challengingthecrisis.com\/wp-content\/uploads\/2025\/02\/Dr-Gabriela-Smit-1024x663.jpg\" alt=\"\" width=\"404\" height=\"262\" srcset=\"https:\/\/challengingthecrisis.com\/wp-content\/uploads\/2025\/02\/Dr-Gabriela-Smit-1024x663.jpg 1024w, https:\/\/challengingthecrisis.com\/wp-content\/uploads\/2025\/02\/Dr-Gabriela-Smit-300x194.jpg 300w, https:\/\/challengingthecrisis.com\/wp-content\/uploads\/2025\/02\/Dr-Gabriela-Smit-768x497.jpg 768w, https:\/\/challengingthecrisis.com\/wp-content\/uploads\/2025\/02\/Dr-Gabriela-Smit-1536x994.jpg 1536w, https:\/\/challengingthecrisis.com\/wp-content\/uploads\/2025\/02\/Dr-Gabriela-Smit-2048x1326.jpg 2048w\" sizes=\"(max-width: 404px) 100vw, 404px\" \/>V \u010cesk\u00e9 republice se st\u00e1le v\u00edce mu\u017e\u016f za\u010d\u00edn\u00e1 otev\u0159en\u011b bavit o t\u00e9matech, kter\u00e1 byla d\u0159\u00edve tabu \u2013 jedn\u00edm z nich je zdrav\u00ed prostaty.<\/strong> \u010casto a\u017e probl\u00e9my jako \u010dast\u00e9 no\u010dn\u00ed mo\u010den\u00ed, slab\u00fd proud mo\u010di nebo pocit ne\u00fapln\u00e9ho vypr\u00e1zdn\u011bn\u00ed mo\u010dov\u00e9ho m\u011bch\u00fd\u0159e p\u0159im\u011bj\u00ed mu\u017ee zamyslet se nad prevenc\u00ed.<\/span><\/p>\n<p style=\"text-align: justify;\"><span style=\"font-size: 17px;\">P\u0159itom pr\u00e1v\u011b v t\u00e9to f\u00e1zi m\u016f\u017ee b\u00fdt c\u00edlen\u00e1 podpora organismu nej\u00fa\u010dinn\u011bj\u0161\u00ed a nejrozumn\u011bj\u0161\u00ed.<\/span><\/p>\n<p style=\"text-align: justify;\"><span style=\"font-size: 17px;\">\u010cesk\u00e1 populace pat\u0159\u00ed v Evrop\u011b k zem\u00edm s vysok\u00fdm v\u00fdskytem onemocn\u011bn\u00ed prostaty, a proto l\u00e9ka\u0159i opakovan\u011b zd\u016fraz\u0148uj\u00ed v\u00fdznam prevence a v\u010dasn\u00e9ho \u0159e\u0161en\u00ed pot\u00ed\u017e\u00ed.<\/span><\/p>\n<p style=\"text-align: justify;\"><span style=\"font-size: 17px;\">Dlouhodob\u00fd stres, sedav\u00e9 zam\u011bstn\u00e1n\u00ed, m\u00e1lo pohybu a nepravideln\u00fd \u017eivotn\u00ed styl se mohou negativn\u011b podepsat na komfortu p\u0159i mo\u010den\u00ed i celkov\u00e9 vitalit\u011b.<\/span><\/p>\n<p style=\"text-align: justify;\"><span style=\"font-size: 17px;\">Mnoho mu\u017e\u016f proto hled\u00e1 p\u0159\u00edrodn\u00ed, dostupn\u00e1 a diskr\u00e9tn\u00ed \u0159e\u0161en\u00ed, kter\u00e1 nenaru\u0161\u00ed jejich ka\u017edodenn\u00ed re\u017eim \u2013 pr\u00e1v\u011b sem spad\u00e1 Uro UP Pro, inspirovan\u00fd konceptem popul\u00e1rn\u00edho dopl\u0148ku Uro UP Forte.<\/span><\/p>\n<p data-start=\"371\" data-end=\"659\"><div class='dropshadowboxes-container ' style='width:auto;'>\r\n                            <div class='dropshadowboxes-drop-shadow dropshadowboxes-rounded-corners dropshadowboxes-inside-and-outside-shadow dropshadowboxes-perspective-left dropshadowboxes-effect-default' style=' border: 7px solid #dd2f7d; height:; background-color:#1a19b7;    '>\r\n                            <\/p>\n<p style=\"text-align: center;\"><a href=\"https:\/\/gd-price.com\/go\/uro-up-forte-cz\/\" target=\"_blank\" rel=\"noopener\"><span style=\"font-size: 14pt;\">\ud83d\udd25<\/span> <span style=\"color: #ffffff;\"><strong><span style=\"font-size: 16pt;\">Uro UP Forte<\/span><span style=\"font-size: 14pt;\">\ud83d\udd25<\/span><\/strong><\/span><\/a><br \/>\n<a href=\"https:\/\/gd-price.com\/go\/uro-up-forte-cz\/\" target=\"_blank\" rel=\"noopener\"><span style=\"color: #ffff00;\"><strong><span style=\"font-size: 14pt;\">\u2702 <\/span><span style=\"font-size: 16pt;\">CENA -50%<\/span><\/strong> <\/span><span style=\"font-size: 14pt;\">\ud83d\uded2<\/span><\/a><\/p>\n<p>\r\n                            <\/div>\r\n                        <\/div><\/p>\n<p style=\"text-align: justify;\"><span style=\"font-size: 17px;\">V posledn\u00edch letech se v \u010cesku zvy\u0161uje po\u010det mu\u017e\u016f, kte\u0159\u00ed se st\u011b\u017euj\u00ed na \u010dast\u00e9 no\u010dn\u00ed vst\u00e1v\u00e1n\u00ed na toaletu \u2013 podle odborn\u00edk\u016f trp\u00ed tato obt\u00ed\u017e t\u00e9m\u011b\u0159 60% mu\u017e\u016f nad 50 let. Mnoz\u00ed to pova\u017euj\u00ed za \u201enorm\u00e1ln\u00ed sou\u010d\u00e1st st\u00e1rnut\u00ed\u201c, ale ve skute\u010dnosti to m\u016f\u017ee b\u00fdt sign\u00e1l zv\u011bt\u0161uj\u00edc\u00ed se prostaty. Pr\u00e1ce v kancel\u00e1\u0159\u00edch Prahy nebo Brna, dlouh\u00e9 doj\u00ed\u017ed\u011bn\u00ed autem a m\u00e1lo pohybu jen zhor\u0161uj\u00ed situaci. \u010cast\u00e9 mo\u010den\u00ed naru\u0161uje sp\u00e1nek, sni\u017euje koncentraci v pr\u00e1ci a zkracuje \u010das pro rodinu.<\/span><\/p>\n<p style=\"text-align: justify;\"><span style=\"font-size: 17px;\">Mnoz\u00ed \u010de\u0161t\u00ed mu\u017ei se ob\u00e1vaj\u00ed n\u00e1v\u0161t\u011bvy urologa \u2013 \u010dekac\u00ed doby v ordinac\u00edch jsou del\u0161\u00ed ne\u017e by si p\u0159\u00e1li, a mnoz\u00ed hledaj\u00ed diskr\u00e9tn\u00ed alternativu. <\/span><\/p>\n<p style=\"text-align: justify;\"><span style=\"font-size: 17px;\">P\u0159\u00edrodn\u00ed dopl\u0148ky jako Uro UP Pro nab\u00edzej\u00ed \u0161etrnou podporu bez nutnosti okam\u017eit\u00e9ho l\u00e9ka\u0159sk\u00e9ho z\u00e1sahu. Pr\u00e1v\u011b v t\u00e9to f\u00e1zi \u2013 kdy je probl\u00e9m je\u0161t\u011b m\u00edrn\u00fd \u2013 m\u016f\u017ee pravideln\u00e1 podpora organismu zabr\u00e1nit zhor\u0161en\u00ed.<\/span><\/p>\n<hr class=\"bg-subtle h-px border-0\" \/>\n<h2 id=\"pro-je-zdrav-prostaty-u-eskch-mu-tak-dleit\" class=\"mb-2 mt-4 [.has-inline-images_&amp;]:clear-end font-sans visRefresh2026AnswerSerif:font-editorial font-semimedium visRefresh2026Fonts:font-bold text-base visRefresh2026Fonts:text-lg first:mt-0 md:text-lg [hr+&amp;]:mt-4\">Pro\u010d je zdrav\u00ed prostaty u \u010desk\u00fdch mu\u017e\u016f tak d\u016fle\u017eit\u00e9?<\/h2>\n<p class=\"my-2 [&amp;+p]:mt-4 [&amp;_strong:has(+br)]:inline-block [&amp;_strong:has(+br)]:pb-2\" style=\"text-align: justify;\"><span style=\"font-size: 17px;\">Prostata je mal\u00e1 \u017el\u00e1za um\u00edst\u011bn\u00e1 pod mo\u010dov\u00fdm m\u011bch\u00fd\u0159em, kter\u00e1 obklopuje mo\u010dovou trubici, a jej\u00ed stav m\u00e1 proto p\u0159\u00edm\u00fd vliv na mo\u010den\u00ed. S p\u0159ib\u00fdvaj\u00edc\u00edm v\u011bkem m\u00e1 tendenci zv\u011bt\u0161ovat se, co\u017e m\u016f\u017ee v\u00e9st k tlaku na mo\u010dov\u00e9 cesty a typick\u00fdm p\u0159\u00edznak\u016fm \u2013 \u010dast\u00e9mu nucen\u00ed na mo\u010den\u00ed, slab\u00e9mu proudu mo\u010di nebo pocitu, \u017ee se m\u011bch\u00fd\u0159 nikdy \u00fapln\u011b nevypr\u00e1zdn\u00ed. Tyto obt\u00ed\u017ee se objevuj\u00ed zejm\u00e9na u mu\u017e\u016f po \u010dty\u0159ic\u00edtce a pades\u00e1tce.<\/span><\/p>\n<p class=\"my-2 [&amp;+p]:mt-4 [&amp;_strong:has(+br)]:inline-block [&amp;_strong:has(+br)]:pb-2\" style=\"text-align: justify;\"><span style=\"font-size: 17px;\">Podle epidemiologick\u00fdch \u00fadaj\u016f \u017eily v \u010cR v posledn\u00edch letech des\u00edtky tis\u00edc mu\u017e\u016f s onemocn\u011bn\u00edm prostaty v anamn\u00e9ze a po\u010det nov\u00fdch p\u0159\u00edpad\u016f dlouhodob\u011b roste. To v\u0161ak neznamen\u00e1, \u017ee ka\u017ed\u00fd mu\u017e mus\u00ed skon\u010dit u z\u00e1va\u017en\u00e9 diagn\u00f3zy \u2013 naopak, v\u010dasn\u00e1 prevence, pravideln\u00e9 kontroly a podpora prostaty mohou v\u00fdrazn\u011b p\u0159isp\u011bt k lep\u0161\u00ed kvalit\u011b \u017eivota. Zdrav\u00e1 prostata znamen\u00e1 klidn\u011bj\u0161\u00ed sp\u00e1nek, v\u00edce energie p\u0159es den a men\u0161\u00ed psychick\u00fd tlak p\u0159i cestov\u00e1n\u00ed nebo pracovn\u00edch jedn\u00e1n\u00edch.<\/span><\/p>\n<p><img loading=\"lazy\" decoding=\"async\" class=\" wp-image-76350 aligncenter\" src=\"https:\/\/challengingthecrisis.com\/wp-content\/uploads\/2026\/01\/Uro-UP-Forte3.jpg\" alt=\"\" width=\"795\" height=\"795\" srcset=\"https:\/\/challengingthecrisis.com\/wp-content\/uploads\/2026\/01\/Uro-UP-Forte3.jpg 1024w, https:\/\/challengingthecrisis.com\/wp-content\/uploads\/2026\/01\/Uro-UP-Forte3-300x300.jpg 300w, https:\/\/challengingthecrisis.com\/wp-content\/uploads\/2026\/01\/Uro-UP-Forte3-150x150.jpg 150w, https:\/\/challengingthecrisis.com\/wp-content\/uploads\/2026\/01\/Uro-UP-Forte3-768x768.jpg 768w\" sizes=\"(max-width: 795px) 100vw, 795px\" \/><\/p>\n<hr class=\"bg-subtle h-px border-0\" \/>\n<h2 id=\"jak-uro-up-pro-funguje\" class=\"mb-2 mt-4 [.has-inline-images_&amp;]:clear-end font-sans visRefresh2026AnswerSerif:font-editorial font-semimedium visRefresh2026Fonts:font-bold text-base visRefresh2026Fonts:text-lg first:mt-0 md:text-lg [hr+&amp;]:mt-4\">Jak Uro UP Pro funguje?<\/h2>\n<p class=\"my-2 [&amp;+p]:mt-4 [&amp;_strong:has(+br)]:inline-block [&amp;_strong:has(+br)]:pb-2\" style=\"text-align: justify;\"><span style=\"font-size: 17px;\">Uro UP Pro vych\u00e1z\u00ed z koncepce dopl\u0148ku Uro UP Forte, kter\u00fd byl vytvo\u0159en speci\u00e1ln\u011b pro podporu prostaty a mu\u017esk\u00e9ho mo\u010dov\u00e9ho syst\u00e9mu. Kombinuje rostlinn\u00e9 extrakty, vitaminy a miner\u00e1ly tak, aby se vz\u00e1jemn\u011b dopl\u0148ovaly a podporovaly p\u0159irozen\u00e9 procesy v organismu. Podle dostupn\u00fdch popis\u016f podobn\u00fdch p\u0159\u00edpravk\u016f m\u016f\u017ee pravideln\u00e9 u\u017e\u00edv\u00e1n\u00ed p\u0159isp\u011bt ke sn\u00ed\u017een\u00ed frekvence mo\u010den\u00ed, zlep\u0161en\u00ed komfortu p\u0159i vyprazd\u0148ov\u00e1n\u00ed a celkov\u00e9 pohod\u011b v oblasti podb\u0159i\u0161ku.<\/span><\/p>\n<p class=\"my-2 [&amp;+p]:mt-4 [&amp;_strong:has(+br)]:inline-block [&amp;_strong:has(+br)]:pb-2\" style=\"text-align: justify;\"><span style=\"font-size: 17px;\">C\u00edlem Uro UP Pro nen\u00ed agresivn\u00ed z\u00e1sah, ale postupn\u00e1 a systematick\u00e1 podpora. Mu\u017ei, kte\u0159\u00ed s\u00e1hnou po tomto typu dopl\u0148ku, obvykle necht\u011bj\u00ed jen \u201ep\u0159ekr\u00fdt\u201c jeden p\u0159\u00edznak, ale hledaj\u00ed komplexn\u011bj\u0161\u00ed \u0159e\u0161en\u00ed. Pravideln\u00e9 u\u017e\u00edv\u00e1n\u00ed a trp\u011blivost jsou proto kl\u00ed\u010dem \u2013 podobn\u011b jako u Uro UP Forte, kde se doporu\u010duje dlouhodob\u011bj\u0161\u00ed k\u00fara a dodr\u017eov\u00e1n\u00ed n\u00e1vodu k pou\u017eit\u00ed.<\/span><\/p>\n<hr class=\"bg-subtle h-px border-0\" \/>\n<h2 id=\"hlavn-sloky-a-jejich-vznam\" class=\"mb-2 mt-4 [.has-inline-images_&amp;]:clear-end font-sans visRefresh2026AnswerSerif:font-editorial font-semimedium visRefresh2026Fonts:font-bold text-base visRefresh2026Fonts:text-lg first:mt-0 md:text-lg [hr+&amp;]:mt-4\">Hlavn\u00ed slo\u017eky a jejich v\u00fdznam<\/h2>\n<p class=\"my-2 [&amp;+p]:mt-4 [&amp;_strong:has(+br)]:inline-block [&amp;_strong:has(+br)]:pb-2\" style=\"text-align: justify;\"><span style=\"font-size: 17px;\">Slo\u017een\u00ed Uro UP Pro navazuje na ov\u011b\u0159en\u00e9 principy z Uro UP Forte, kter\u00fd na \u010desk\u00e9m trhu kombinuje n\u011bkolik aktivn\u00edch slo\u017eek pro podporu prostaty a mo\u010dov\u00e9ho syst\u00e9mu. V popisech se objevuj\u00ed extrakty z d\u00fd\u0148ov\u00fdch sem\u00ednek, brusinek, ko\u0159ene kop\u0159ivy, d\u00e1le vitamin E a zinek \u2013 v\u0161echny tyto l\u00e1tky jsou zn\u00e1m\u00e9 sv\u00fdm p\u0159\u00ednosem pro mo\u010dov\u00e9 cesty, imunitu a ochranu bun\u011bk p\u0159ed oxida\u010dn\u00edm stresem.<\/span><\/p>\n<p class=\"my-2 [&amp;+p]:mt-4 [&amp;_strong:has(+br)]:inline-block [&amp;_strong:has(+br)]:pb-2\" style=\"text-align: justify;\"><span style=\"font-size: 17px;\">D\u00fd\u0148ov\u00e1 sem\u00ednka a kop\u0159iva jsou tradi\u010dn\u011b vyu\u017e\u00edv\u00e1ny u mu\u017e\u016f s probl\u00e9my s prostatou a mo\u010den\u00edm, zat\u00edmco brusinky pom\u00e1haj\u00ed udr\u017eovat p\u0159irozenou rovnov\u00e1hu mo\u010dov\u00fdch cest. Vitamin E se pod\u00edl\u00ed na ochran\u011b bun\u011bk p\u0159ed voln\u00fdmi radik\u00e1ly a zinek je d\u016fle\u017eit\u00fd pro spr\u00e1vnou funkci imunitn\u00edho syst\u00e9mu i udr\u017een\u00ed norm\u00e1ln\u00ed hladiny testosteronu v krvi. D\u00edky tomu p\u0159in\u00e1\u0161\u00ed tento typ dopl\u0148ku nejen podporu prostaty, ale i \u0161ir\u0161\u00ed p\u0159\u00ednos pro mu\u017esk\u00fd organismus.<\/span><\/p>\n<hr class=\"bg-subtle h-px border-0\" \/>\n<h2 id=\"jak-vsledky-mohou-et-mui-zaznamenat\" class=\"mb-2 mt-4 [.has-inline-images_&amp;]:clear-end font-sans visRefresh2026AnswerSerif:font-editorial font-semimedium visRefresh2026Fonts:font-bold text-base visRefresh2026Fonts:text-lg first:mt-0 md:text-lg [hr+&amp;]:mt-4\">Jak\u00e9 v\u00fdsledky mohou \u010de\u0161t\u00ed mu\u017ei zaznamenat?<\/h2>\n<p class=\"my-2 [&amp;+p]:mt-4 [&amp;_strong:has(+br)]:inline-block [&amp;_strong:has(+br)]:pb-2\" style=\"text-align: justify;\"><span style=\"font-size: 17px;\">U\u017eivatel\u00e9 Uro UP Forte a podobn\u00fdch dopl\u0148k\u016f v \u010cesku \u010dasto popisuj\u00ed, \u017ee si po n\u011bkolika t\u00fddnech pravideln\u00e9ho u\u017e\u00edv\u00e1n\u00ed v\u0161\u00edmaj\u00ed konkr\u00e9tn\u00edch zm\u011bn. Pat\u0159\u00ed mezi n\u011b zejm\u00e9na m\u00e9n\u011b \u010dast\u00e9 no\u010dn\u00ed vst\u00e1v\u00e1n\u00ed na toaletu, siln\u011bj\u0161\u00ed a plynulej\u0161\u00ed proud mo\u010di a men\u0161\u00ed pocit tlaku \u010di p\u00e1len\u00ed p\u0159i mo\u010den\u00ed. N\u011bkte\u0159\u00ed mu\u017ei zmi\u0148uj\u00ed tak\u00e9 lep\u0161\u00ed sp\u00e1nek a v\u00edce energie b\u011bhem dne, proto\u017ee je u\u017e netr\u00e1p\u00ed neust\u00e1l\u00e9 p\u0159eru\u0161ov\u00e1n\u00ed noci.<\/span><\/p>\n<p class=\"my-2 [&amp;+p]:mt-4 [&amp;_strong:has(+br)]:inline-block [&amp;_strong:has(+br)]:pb-2\" style=\"text-align: justify;\"><span style=\"font-size: 17px;\">Je d\u016fle\u017eit\u00e9 zd\u016fraznit, \u017ee v\u00fdsledky jsou individu\u00e1ln\u00ed a z\u00e1vis\u00ed na celkov\u00e9m stavu organismu, v\u011bku a \u017eivotn\u00edm stylu. Dopl\u0148ky jako Uro UP Pro by proto m\u011bly b\u00fdt vn\u00edm\u00e1ny jako sou\u010d\u00e1st \u0161ir\u0161\u00ed strategie \u2013 vedle pohybu, kvalitn\u00ed stravy, omezen\u00ed alkoholu a pravideln\u00fdch preventivn\u00edch prohl\u00eddek u l\u00e9ka\u0159e. Kombinace t\u011bchto krok\u016f d\u00e1v\u00e1 \u0161anci udr\u017eet komfort p\u0159i mo\u010den\u00ed i v pozd\u011bj\u0161\u00edm v\u011bku.<\/span><\/p>\n<hr class=\"bg-subtle h-px border-0\" \/>\n<h2 id=\"pro-koho-je-uro-up-pro-vhodn\" class=\"mb-2 mt-4 [.has-inline-images_&amp;]:clear-end font-sans visRefresh2026AnswerSerif:font-editorial font-semimedium visRefresh2026Fonts:font-bold text-base visRefresh2026Fonts:text-lg first:mt-0 md:text-lg [hr+&amp;]:mt-4\">Pro koho je Uro UP Pro vhodn\u00fd?<\/h2>\n<p class=\"my-2 [&amp;+p]:mt-4 [&amp;_strong:has(+br)]:inline-block [&amp;_strong:has(+br)]:pb-2\" style=\"text-align: justify;\"><span style=\"font-size: 17px;\">Uro UP Pro je ur\u010den p\u0159edev\u0161\u00edm mu\u017e\u016fm po 40. roce \u017eivota, kte\u0159\u00ed poci\u0165uj\u00ed prvn\u00ed m\u00edrn\u00e9 p\u0159\u00edznaky diskomfortu v oblasti prostaty a mo\u010dov\u00e9ho syst\u00e9mu \u2013 \u010dast\u011bj\u0161\u00ed mo\u010den\u00ed, slab\u0161\u00ed proud mo\u010di nebo nep\u0159\u00edjemn\u00fd tlak v podb\u0159i\u0161ku. Ocen\u00ed ho tak\u00e9 mu\u017ei se sedav\u00fdm zam\u011bstn\u00e1n\u00edm, dlouh\u00fdmi sm\u011bnami nebo \u010dast\u00fdm cestov\u00e1n\u00edm autem, pro kter\u00e9 je d\u016fle\u017eit\u00fd klidn\u00fd sp\u00e1nek a jistota b\u011bhem dne.<\/span><\/p>\n<p class=\"my-2 [&amp;+p]:mt-4 [&amp;_strong:has(+br)]:inline-block [&amp;_strong:has(+br)]:pb-2\" style=\"text-align: justify;\"><span style=\"font-size: 17px;\">Nen\u00ed ur\u010den \u017een\u00e1m ani d\u011btem. Mu\u017ei, kte\u0159\u00ed u\u017e\u00edvaj\u00ed l\u00e9ky na prostatu, trp\u00ed z\u00e1va\u017en\u00fdmi onemocn\u011bn\u00edmi mo\u010dov\u00fdch cest nebo maj\u00ed jin\u00e9 chronick\u00e9 diagn\u00f3zy, by m\u011bli u\u017e\u00edv\u00e1n\u00ed dopl\u0148ku p\u0159edem konzultovat s l\u00e9ka\u0159em nebo urologem. Uro UP Pro je dopln\u011bk stravy \u2013 nenahrazuje pestrou stravu ani odbornou l\u00e9\u010dbu, ale m\u016f\u017ee p\u0159irozen\u00fdm zp\u016fsobem podpo\u0159it ka\u017edodenn\u00ed komfort.<\/span><\/p>\n<hr class=\"bg-subtle h-px border-0\" \/>\n<h2 id=\"jak-uvat-uro-up-pro\" class=\"mb-2 mt-4 [.has-inline-images_&amp;]:clear-end font-sans visRefresh2026AnswerSerif:font-editorial font-semimedium visRefresh2026Fonts:font-bold text-base visRefresh2026Fonts:text-lg first:mt-0 md:text-lg [hr+&amp;]:mt-4\">Jak u\u017e\u00edvat Uro UP Pro?<\/h2>\n<p class=\"my-2 [&amp;+p]:mt-4 [&amp;_strong:has(+br)]:inline-block [&amp;_strong:has(+br)]:pb-2\" style=\"text-align: justify;\"><span style=\"font-size: 17px;\">U dopl\u0148k\u016f jako Uro UP Forte se doporu\u010duje pravideln\u00e9 u\u017e\u00edv\u00e1n\u00ed podle n\u00e1vodu v\u00fdrobce, obvykle ka\u017ed\u00fd den ve stejnou dobu a zap\u00edt dostate\u010dn\u00fdm mno\u017estv\u00edm vody. Stejn\u00fd princip lze aplikovat i na Uro UP Pro \u2013 d\u016fle\u017eit\u011bj\u0161\u00ed ne\u017e jednor\u00e1zov\u00e1 \u201e\u0161okov\u00e1\u201c d\u00e1vka je konzistentn\u00ed podpora organismu. V popisech \u010desk\u00fdch distributor\u016f se tak\u00e9 \u010dasto zd\u016fraz\u0148uje, aby mu\u017ei nep\u0159ekra\u010dovali doporu\u010den\u00e9 d\u00e1vkov\u00e1n\u00ed.<\/span><\/p>\n<p class=\"my-2 [&amp;+p]:mt-4 [&amp;_strong:has(+br)]:inline-block [&amp;_strong:has(+br)]:pb-2\" style=\"text-align: justify;\"><span style=\"font-size: 17px;\">Prvn\u00ed zm\u011bny mohou n\u011bkte\u0159\u00ed mu\u017ei zaznamenat u\u017e po n\u011bkolika t\u00fddnech, ale pro optim\u00e1ln\u00ed \u00fa\u010dinek se doporu\u010duje dlouhodob\u011bj\u0161\u00ed k\u00fara. Sou\u010dasn\u011b se vyplat\u00ed za\u0159adit do \u017eivota v\u00edce pohybu, upravit j\u00eddeln\u00ed\u010dek (zejm\u00e9na ve\u010der), omezit alkohol a cigarety a db\u00e1t na kvalitn\u00ed sp\u00e1nek. Takov\u00fd komplexn\u00ed p\u0159\u00edstup m\u016f\u017ee \u00fa\u010dinky dopl\u0148ku podpo\u0159it a pomoci udr\u017eet prostat\u011b co nejlep\u0161\u00ed podm\u00ednky.<\/span><\/p>\n<h2 id=\"kde-koupit-uro-up-pro-v-esku\" class=\"mb-2 mt-4 [.has-inline-images_&amp;]:clear-end font-sans visRefresh2026AnswerSerif:font-editorial font-semimedium visRefresh2026Fonts:font-bold text-base visRefresh2026Fonts:text-lg first:mt-0 md:text-lg [hr+&amp;]:mt-4\">Kde koupit Uro UP Pro v \u010cesku?<\/h2>\n<p class=\"my-2 [&amp;+p]:mt-4 [&amp;_strong:has(+br)]:inline-block [&amp;_strong:has(+br)]:pb-2\">Uro UP Pro lze nejbezpe\u010dn\u011bji objednat na\u00a0<strong>ofici\u00e1ln\u00edch str\u00e1nk\u00e1ch v\u00fdrobce<\/strong>, kter\u00e9 zaru\u010duj\u00ed origin\u00e1ln\u00ed slo\u017een\u00ed, diskr\u00e9tn\u00ed doru\u010den\u00ed a podporu p\u0159\u00edmo od dodavatele. Tento zp\u016fsob n\u00e1kupu je ide\u00e1ln\u00ed pro \u010desk\u00e9 z\u00e1kazn\u00edky \u2013 bal\u00ed\u010dek doraz\u00ed rychle dom\u016f kdekoli v republice, bez nutnosti hledat v l\u00e9k\u00e1rn\u00e1ch nebo rizikov\u00fdch e-shopech. V\u00fdrobce \u010dasto nab\u00edz\u00ed zv\u00fdhodn\u011bn\u00e9 bal\u00ed\u010dky pro del\u0161\u00ed k\u00faru, co\u017e je praktick\u00e9 pro pravideln\u00e9 u\u017e\u00edv\u00e1n\u00ed.<\/p>\n<p class=\"my-2 [&amp;+p]:mt-4 [&amp;_strong:has(+br)]:inline-block [&amp;_strong:has(+br)]:pb-2\">Nakupov\u00e1n\u00edm na\u00a0<strong>ofici\u00e1ln\u00ed str\u00e1nce v\u00fdrobce<\/strong>\u00a0se vyhnete pad\u011blk\u016fm, kter\u00e9 se mohou objevit v b\u011b\u017en\u00fdch l\u00e9k\u00e1rn\u00e1ch nebo na neov\u011b\u0159en\u00fdch port\u00e1lech. Tento kan\u00e1l zaji\u0161\u0165uje nejen kvalitu produktu, ale i mo\u017enost kontaktu s podporou p\u0159i dotazech na d\u00e1vkov\u00e1n\u00ed nebo doporu\u010den\u00ed. Objedn\u00e1vka je jednoduch\u00e1, rychl\u00e1 a pln\u011b diskr\u00e9tn\u00ed \u2013 bal\u00ed\u010dek neprozrad\u00ed obsah.<\/p>\n<p class=\"my-2 [&amp;+p]:mt-4 [&amp;_strong:has(+br)]:inline-block [&amp;_strong:has(+br)]:pb-2\"><strong>\ud83d\udc49 Objednejte Uro UP Pro nyn\u00ed p\u0159\u00edmo na ofici\u00e1ln\u00edch str\u00e1nk\u00e1ch v\u00fdrobce \u2013 jedin\u00fd d\u016fv\u011bryhodn\u00fd zdroj v \u010cesku!<\/strong><\/p>\n<div style=\"margin: 6px; margin-top: 15px; border: 3px dashed #cc0000; padding: 10px; text-align: center; min-height: 190px;\"><a id=\"v_url\" href=\"https:\/\/gd-price.com\/go\/uro-up-forte-cz\/\" target=\"_blank\" rel=\"nofollow noopener noreferrer\"><img decoding=\"async\" id=\"v_product_url\" class=\"lazy-loaded\" style=\"float: left; margin: 0px 10px 10px 50px; height: 160px; width: auto;\" src=\"https:\/\/challengingthecrisis.com\/wp-content\/uploads\/2026\/01\/Uro-UP-Forte1.jpg\" alt=\"Uro UP Pro\" data-lazy-type=\"image\" data-src=\"https:\/\/challengingthecrisis.com\/wp-content\/uploads\/2026\/01\/Uro-UP-Forte1.jpg\" \/><br \/>\n<\/a><\/p>\n<div style=\"padding: 3px; font-size: 13px;\"><span id=\"v_header\">Kupte si nyn\u00ed Uro UP Pro se slevou 50%!<\/span><\/div>\n<div style=\"margin: 10px; text-align: center;\"><a id=\"v_url\" style=\"font-size: 17px; line-height: 22px; font-weight: bold;\" href=\"https:\/\/gd-price.com\/go\/uro-up-forte-cz\/\" target=\"_blank\" rel=\"nofollow noopener noreferrer\"><span id=\"v_call2action\" style=\"color: #000000; background-color: #ffff00;\">Objednat nyn\u00ed Uro UP Pro<\/span><\/a><\/div>\n<div style=\"margin: 8px; text-align: center;\"><a id=\"v_url\" style=\"font-size: 16px; line-height: 22px; font-weight: bold;\" href=\"https:\/\/gd-price.com\/go\/uro-up-forte-cz\/\" target=\"_blank\" rel=\"nofollow noopener noreferrer\"><span id=\"v_call2action2\" style=\"color: #cc0000;\">Zaru\u010dujeme 50% slevu<\/span><\/a><\/div>\n<div><\/div>\n<div><span id=\"v_date2\" style=\"font-size: 13px;\">Akce plat\u00ed do:<\/span> <span id=\"date\" style=\"font-weight: bold;\">28.04.2026 <span id=\"date\">23:59<\/span><br \/>\n<\/span><\/div>\n<div><span id=\"v_text\">Pozor! Kv\u016fli omezen\u00e9mu po\u010dtu kus\u016f bude akce prob\u00edhat omezenou dobu.<\/span><\/div>\n<\/div>\n<p>&nbsp;<\/p>\n","protected":false},"excerpt":{"rendered":"<p>V \u010cesk\u00e9 republice se st\u00e1le v\u00edce mu\u017e\u016f za\u010d\u00edn\u00e1 otev\u0159en\u011b bavit o t\u00e9matech, kter\u00e1 byla d\u0159\u00edve tabu \u2013 jedn\u00edm z nich&hellip;<\/p>\n","protected":false},"author":3,"featured_media":75017,"comment_status":"open","ping_status":"open","sticky":false,"template":"","format":"standard","meta":{"footnotes":""},"categories":[12],"tags":[],"_links":{"self":[{"href":"https:\/\/challengingthecrisis.com\/cs\/wp-json\/wp\/v2\/posts\/76383"}],"collection":[{"href":"https:\/\/challengingthecrisis.com\/cs\/wp-json\/wp\/v2\/posts"}],"about":[{"href":"https:\/\/challengingthecrisis.com\/cs\/wp-json\/wp\/v2\/types\/post"}],"author":[{"embeddable":true,"href":"https:\/\/challengingthecrisis.com\/cs\/wp-json\/wp\/v2\/users\/3"}],"replies":[{"embeddable":true,"href":"https:\/\/challengingthecrisis.com\/cs\/wp-json\/wp\/v2\/comments?post=76383"}],"version-history":[{"count":5,"href":"https:\/\/challengingthecrisis.com\/cs\/wp-json\/wp\/v2\/posts\/76383\/revisions"}],"predecessor-version":[{"id":76390,"href":"https:\/\/challengingthecrisis.com\/cs\/wp-json\/wp\/v2\/posts\/76383\/revisions\/76390"}],"wp:featuredmedia":[{"embeddable":true,"href":"https:\/\/challengingthecrisis.com\/cs\/wp-json\/wp\/v2\/media\/75017"}],"wp:attachment":[{"href":"https:\/\/challengingthecrisis.com\/cs\/wp-json\/wp\/v2\/media?parent=76383"}],"wp:term":[{"taxonomy":"category","embeddable":true,"href":"https:\/\/challengingthecrisis.com\/cs\/wp-json\/wp\/v2\/categories?post=76383"},{"taxonomy":"post_tag","embeddable":true,"href":"https:\/\/challengingthecrisis.com\/cs\/wp-json\/wp\/v2\/tags?post=76383"}],"curies":[{"name":"wp","href":"https:\/\/api.w.org\/{rel}","templated":true}]}}